{"id":523374,"date":"2026-06-04T15:11:17","date_gmt":"2026-06-04T15:11:17","guid":{"rendered":"https:\/\/www.europesays.com\/it\/523374\/"},"modified":"2026-06-04T15:11:17","modified_gmt":"2026-06-04T15:11:17","slug":"calafiori-6-milioni-dal-basilea-per-la-vendita-di-calafiori","status":"publish","type":"post","link":"https:\/\/www.europesays.com\/it\/523374\/","title":{"rendered":"Calafiori, 6 milioni dal Basilea per la vendita di Calafiori"},"content":{"rendered":"<p>                                Si attende la sentenza del Tas. Probabile plusvalenza grazie al fatto che il club svizzero deve pagare il 40% di tutte le rivendite del difensore azzurro. Non soltanto quella del 2023 al Bologna\u00a0\u00a0<\/p>\n<p class=\"paragraph\" spellcheck=\"true\">Cresciuto nella Roma, andato via nel 2022 ma con la promessa magari un giorno di potersi anche rincontrare. \u201cE\u2019 vero, mi piacerebbe tornare, a Roma ho lasciato un conto in sospeso\u201d. In attesa di capire quando e come Riccardo Calafiori potr\u00e0 rivestire la maglia giallorossa, qualcosa di lui a Trigoria potrebbe anche tornare presto. E sarebbe anche molto gradita. Stiamo parlando infatti del contenzioso con il Basilea sulla famosa percentuale di rivendita incassata dagli svizzeri dopo la cessione all\u2019Arsenal e che la Roma reclama come diritto per il contratto iniziale, quello con cui i giallorossi cedettero invece il giocatore proprio al Basilea.\u00a0<\/p>\n<p>        L\u2019intreccio\u2014 \u00a0<\/p>\n<p class=\"paragraph\" spellcheck=\"true\">Calafiori lasci\u00f2 la Roma nel gennaio del 2022, andando prima in prestito al Genoa per poi essere ceduto sei mesi dopo proprio al Basilea. Per Mourinho aveva bisogno di giocare e lo avrebbe mandato ancora in prestito altrove, Tiago Pinto invece non pensava potesse diventare un giocatore di spessore internazionale. E prefer\u00ec cederlo. Cos\u00ec si \u00e8 materializzato il passaggio al Basilea per 2,5 milioni di euro pi\u00f9 il 40%, che si \u00e8 poi effettivamente concretizzato quando gli svizzeri hanno venduto l\u2019anno dopo il giocatore al Bologna, girando alla Roma 1,6 milioni dei 4 incassati dai rossobl\u00f9. Solo che la Roma ha sempre sostenuto che nel contratto ci fosse scritto che quel 40% desse diritto a tutte le cifre incassate dal Basilea sulla vendita del giocatore e quindi anche relative al 50% che gli svizzeri hanno poi avuto in dote dalla cessione del difensore dal Bologna all\u2019Arsenal: 45 milioni pi\u00f9 5 di bonus. E il 40% di quel 50% fa circa 9,1 milioni di euro (a cui aggiungere la percentuale sui bonus maturati), la cifra che la Roma si aspetta di avere appunto dal Basilea.\u00a0<\/p>\n<p><a class=\"is-partner-link\" href=\"https:\/\/fantacampionato.gazzetta.it\/home?intcmp=CTAMondiale26\" rel=\"nofollow noopener\" target=\"_blank\">Dimostra di essere il migliore: il fantaconcorso pi\u00f9 ricco d&#8217;Italia diventa Mondiale! Abbonati a soli 9,99\u20ac<\/a><\/p>\n<p>        L\u2019accordo\u2014 \u00a0<\/p>\n<p class=\"paragraph\" spellcheck=\"true\">Gli svizzeri, invece, hanno sempre sostenuto che sul contratto ci fossero clausole diverse e che la Roma avesse diritto solo al 40% della cessione iniziale, quella dal Basilea appunto ad un\u2019altra squadra (nel caso specifico il Bologna). Ne \u00e8 nato cos\u00ec un contenzioso legale che si \u00e8 trasferito presso il Tribunale dello Sport di Losanna. Rumours legali parlano di una possibile intesa finale tra i due club intorno ai 6 milioni di euro, il che permetterebbe alla Roma di piazzare un\u2019altra piccola plusvalenza a bilancio prima del 30 giugno. Che va ad aggiungersi a quella di Saud (riscattato dal Lens per 3,5 milioni, plusvalenza di 2 milioni per i giallorossi) e Sangar\u00e9: preso a 1,6 milioni dal Levante pi\u00f9 il 10% sulla futura rivendita e rivenduto ora a 4,5 all\u2019Elche, con una plusvalenza di circa 3 milioni considerando l\u2019ammortamento e i 450mila euro da girare appunto al Levante.<\/p>\n<p class=\"is-copyright\">\u00a9 RIPRODUZIONE RISERVATA<\/p>\n","protected":false},"excerpt":{"rendered":"Si attende la sentenza del Tas. Probabile plusvalenza grazie al fatto che il club svizzero deve pagare il&hellip;\n","protected":false},"author":3,"featured_media":523375,"comment_status":"","ping_status":"","sticky":false,"template":"","format":"standard","meta":{"footnotes":"","_share_on_mastodon":"0"},"categories":[1452],"tags":[2537,10948,5365,28153,289001,586,587,66806,721,571,554,62641,6693,4053,806,724,1740,5290,564,5978,1537,90,89,31424,9028,40014,6840,21013,987,1739,245,244,23718],"class_list":["post-523374","post","type-post","status-publish","format-standard","has-post-thumbnail","category-calcio","tag-altra","tag-appunto","tag-arsenal","tag-basilea","tag-basilea-vendita","tag-bologna","tag-bonus","tag-calafiori","tag-calcio","tag-cessione","tag-club","tag-contenzioso","tag-contratto","tag-difensore","tag-diritto","tag-euro","tag-football","tag-giallorossi","tag-giocatore","tag-iniziale","tag-it","tag-italia","tag-italy","tag-levante","tag-percentuale","tag-plusvalenza","tag-prestito","tag-rivendita","tag-roma","tag-soccer","tag-sport","tag-sports","tag-svizzeri"],"share_on_mastodon":{"url":"https:\/\/pubeurope.com\/@it\/116692483254898760","error":""},"_links":{"self":[{"href":"https:\/\/www.europesays.com\/it\/wp-json\/wp\/v2\/posts\/523374","targetHints":{"allow":["GET"]}}],"collection":[{"href":"https:\/\/www.europesays.com\/it\/wp-json\/wp\/v2\/posts"}],"about":[{"href":"https:\/\/www.europesays.com\/it\/wp-json\/wp\/v2\/types\/post"}],"author":[{"embeddable":true,"href":"https:\/\/www.europesays.com\/it\/wp-json\/wp\/v2\/users\/3"}],"replies":[{"embeddable":true,"href":"https:\/\/www.europesays.com\/it\/wp-json\/wp\/v2\/comments?post=523374"}],"version-history":[{"count":0,"href":"https:\/\/www.europesays.com\/it\/wp-json\/wp\/v2\/posts\/523374\/revisions"}],"wp:featuredmedia":[{"embeddable":true,"href":"https:\/\/www.europesays.com\/it\/wp-json\/wp\/v2\/media\/523375"}],"wp:attachment":[{"href":"https:\/\/www.europesays.com\/it\/wp-json\/wp\/v2\/media?parent=523374"}],"wp:term":[{"taxonomy":"category","embeddable":true,"href":"https:\/\/www.europesays.com\/it\/wp-json\/wp\/v2\/categories?post=523374"},{"taxonomy":"post_tag","embeddable":true,"href":"https:\/\/www.europesays.com\/it\/wp-json\/wp\/v2\/tags?post=523374"}],"curies":[{"name":"wp","href":"https:\/\/api.w.org\/{rel}","templated":true}]}}