{"id":523499,"date":"2026-06-04T16:43:10","date_gmt":"2026-06-04T16:43:10","guid":{"rendered":"https:\/\/www.europesays.com\/it\/523499\/"},"modified":"2026-06-04T16:43:10","modified_gmt":"2026-06-04T16:43:10","slug":"partite-iva-addio-regime-forfettario-lue-torna-allattacco-e-chiede-questi-cambiamenti","status":"publish","type":"post","link":"https:\/\/www.europesays.com\/it\/523499\/","title":{"rendered":"Partite Iva, addio regime forfettario: l&#8217;Ue torna all&#8217;attacco e chiede questi cambiamenti"},"content":{"rendered":"<p>L\u2019<strong>Unione europea<\/strong> torna a chiedere all\u2019<strong>Italia<\/strong> di intervenire sul <strong>regime forfettario. <\/strong>La richiesta \u00e8 contenuta nel Country Report 2026 pubblicato dalla Commissione europea il 3 giugno, dove Bruxelles invita il governo italiano a rendere il <strong>sistema tributario<\/strong> pi\u00f9 favorevole alla crescita economica, intervenendo su evasione fiscale, cuneo fiscale e agevolazioni considerate distorsive.\u00a0La stessa raccomandazione era gi\u00e0 stata formulata nel 2024 e nel 2025, ma il nuovo richiamo arriva in una fase particolarmente delicata per i conti pubblici italiani e per il rapporto tra Roma e Bruxelles sulle politiche fiscali.\n<\/p>\n<p>Perch\u00e9 l\u2019Unione Europa vuole la riforma del regime forfettario<\/p>\n<p>Il regime forfettario prevede una tassazione sostitutiva del 15%, applicata non sull\u2019intero fatturato ma su una quota di reddito determinata attraverso specifici coefficienti di redditivit\u00e0 che variano in base all\u2019attivit\u00e0 svolta. Per chi avvia una nuova attivit\u00e0 l\u2019aliquota scende al 5% per i primi cinque anni. Tra i principali vantaggi vi sono l\u2019esclusione dall\u2019Iva, l\u2019esonero dall\u2019Irap e una gestione contabile molto semplificata rispetto al regime ordinario.<\/p>\n<p>Il regime forfettario \u00e8 riservato a lavoratori autonomi, professionisti e ditte individuali con ricavi annui fino a 85.000 euro. La Commissione europea non ne contesta l\u2019esistenza, ma considera alcuni effetti che, secondo Bruxelles, potrebbero generare squilibri nel sistema fiscale italiano.<\/p>\n<p>Il primo elemento riguarda il contrasto all\u2019<strong>evasione fiscale<\/strong>. Nel documento europeo \u201cMind the Gap\u201d, pubblicato a dicembre 2025, viene evidenziato che il <strong>tax gap<\/strong> dei lavoratori autonomi in Italia raggiunge il 59,8%. In altre parole, secondo le stime della Commissione, una parte significativa delle imposte teoricamente dovute non viene versata, per un valore complessivo stimato in circa 37 miliardi di euro all\u2019anno. Secondo Bruxelles, il meccanismo <a href=\"https:\/\/quifinanza.it\/fisco-tasse\/regime-forfettario-operazioni-estero\/975174\/\" rel=\"nofollow noopener\" target=\"_blank\">forfettario<\/a>, basato su redditi presunti e non sui costi effettivamente sostenuti, renderebbe pi\u00f9 complessi alcuni controlli fiscali e l\u2019incrocio delle informazioni disponibili.<\/p>\n<p>Un altro aspetto segnalato dalla Commissione riguarda il <strong>limite dei ricavi<\/strong> fissato a<strong> 85.000 euro<\/strong>. Chi rimane sotto questa soglia continua a beneficiare della flat tax del 15%, mentre chi la supera entra nel regime ordinario e viene assoggettato all\u2019Irpef progressiva, con aliquote che vanno dal 23% al 43%. Secondo Bruxelles, questa differenza pu\u00f2 creare una forte discontinuit\u00e0 fiscale e indurre alcuni contribuenti a limitare la crescita del fatturato o a rinviare determinate attivit\u00e0 pur di non perdere il beneficio fiscale. L\u2019obiettivo della Commissione sarebbe quindi quello di ridurre questo effetto soglia e rendere pi\u00f9 graduale il passaggio tra i due regimi.<\/p>\n<p>La Commissione europea richiama anche il tema delle cosiddette<strong> tax expenditures<\/strong>, cio\u00e8 le <a href=\"https:\/\/quifinanza.it\/economia\/imprese-pmi\/temporary-manager-bonus-pmi\/955604\/\" rel=\"nofollow noopener\" target=\"_blank\">agevolazioni fiscali<\/a> che riducono il gettito per lo Stato. Secondo le stime europee, nel 2025 queste misure valgono complessivamente circa <strong>119 miliardi di euro<\/strong>, pari al 5,8% del Pil italiano. Tra queste rientrano anche i benefici garantiti dal regime forfettario. Negli ultimi anni il numero dei contribuenti che hanno aderito alla flat tax \u00e8 aumentato sensibilmente, contribuendo ad accrescere l\u2019attenzione delle istituzioni europee su questo strumento.<\/p>\n<p>Il confronto con gli altri Paesi europei<\/p>\n<p>Uno dei motivi che porta Bruxelles a considerare il sistema italiano un\u2019eccezione riguarda il confronto con gli altri Stati membri. Nella maggior parte dei Paesi dell\u2019Unione europea i <a href=\"https:\/\/quifinanza.it\/lavoro\/maternita-paternita-inps-come-fare-domanda\/930663\/\" rel=\"nofollow noopener\" target=\"_blank\">lavoratori autonomi<\/a> sono soggetti a una <strong>tassazione progressiva sul reddito<\/strong>, con la possibilit\u00e0 di dedurre le spese realmente sostenute per l\u2019attivit\u00e0 professionale. Esistono regimi semplificati anche all\u2019estero, ma generalmente prevedono procedure amministrative pi\u00f9 snelle e minori obblighi burocratici, senza introdurre aliquote fiscali particolarmente inferiori rispetto a quelle applicate ai lavoratori dipendenti.<\/p>\n<p>Secondo la Commissione, in Italia la <strong>differenza<\/strong> di trattamento tra alcune categorie di contribuenti pu\u00f2 risultare particolarmente marcata, soprattutto per i redditi medio-alti che rientrano ancora nei limiti del regime agevolato.<\/p>\n<p>Regime forfettario, la difesa dell\u2019Italia<\/p>\n<p>Il governo italiano ha pi\u00f9 volte difeso il regime forfettario, considerandolo uno strumento <strong>utile<\/strong> per sostenere il lavoro autonomo, le professioni e le piccole attivit\u00e0 economiche. Una revisione troppo restrittiva rischierebbe di penalizzare una parte significativa di professionisti, artigiani e microimprese. Per la Commissione europea, il recupero dell\u2019evasione fiscale e la revisione delle agevolazioni considerate meno efficienti rappresentano due strumenti complementari per rafforzare i <strong>conti pubblici<\/strong> e favorire una crescita economica pi\u00f9 equilibrata.<\/p>\n","protected":false},"excerpt":{"rendered":"L\u2019Unione europea torna a chiedere all\u2019Italia di intervenire sul regime forfettario. La richiesta \u00e8 contenuta nel Country Report&hellip;\n","protected":false},"author":3,"featured_media":523500,"comment_status":"","ping_status":"","sticky":false,"template":"","format":"standard","meta":{"footnotes":"","_share_on_mastodon":"0"},"categories":[172],"tags":[178,177,2703,7693,54698,53393,16,1537,90,89,35814,32459,32919,3713],"class_list":["post-523499","post","type-post","status-publish","format-standard","has-post-thumbnail","category-affari","tag-affari","tag-business","tag-commissione-europea","tag-cuneo-fiscale","tag-economia-sommersa","tag-evasione-fiscale","tag-fisco-e-tasse","tag-it","tag-italia","tag-italy","tag-partite-iva","tag-regime-forfettario","tag-tasse-e-contributi","tag-unione-europea"],"share_on_mastodon":{"url":"https:\/\/pubeurope.com\/@it\/116692845142793033","error":""},"_links":{"self":[{"href":"https:\/\/www.europesays.com\/it\/wp-json\/wp\/v2\/posts\/523499","targetHints":{"allow":["GET"]}}],"collection":[{"href":"https:\/\/www.europesays.com\/it\/wp-json\/wp\/v2\/posts"}],"about":[{"href":"https:\/\/www.europesays.com\/it\/wp-json\/wp\/v2\/types\/post"}],"author":[{"embeddable":true,"href":"https:\/\/www.europesays.com\/it\/wp-json\/wp\/v2\/users\/3"}],"replies":[{"embeddable":true,"href":"https:\/\/www.europesays.com\/it\/wp-json\/wp\/v2\/comments?post=523499"}],"version-history":[{"count":0,"href":"https:\/\/www.europesays.com\/it\/wp-json\/wp\/v2\/posts\/523499\/revisions"}],"wp:featuredmedia":[{"embeddable":true,"href":"https:\/\/www.europesays.com\/it\/wp-json\/wp\/v2\/media\/523500"}],"wp:attachment":[{"href":"https:\/\/www.europesays.com\/it\/wp-json\/wp\/v2\/media?parent=523499"}],"wp:term":[{"taxonomy":"category","embeddable":true,"href":"https:\/\/www.europesays.com\/it\/wp-json\/wp\/v2\/categories?post=523499"},{"taxonomy":"post_tag","embeddable":true,"href":"https:\/\/www.europesays.com\/it\/wp-json\/wp\/v2\/tags?post=523499"}],"curies":[{"name":"wp","href":"https:\/\/api.w.org\/{rel}","templated":true}]}}