{"id":523542,"date":"2026-06-04T17:21:13","date_gmt":"2026-06-04T17:21:13","guid":{"rendered":"https:\/\/www.europesays.com\/it\/523542\/"},"modified":"2026-06-04T17:21:13","modified_gmt":"2026-06-04T17:21:13","slug":"anna-kalinskaya-il-nuovo-fidanzato-abbandona-gli-spalti-del-roland-garros-il-cane-abbaiava-troppo-forte","status":"publish","type":"post","link":"https:\/\/www.europesays.com\/it\/523542\/","title":{"rendered":"Anna Kalinskaya, il nuovo fidanzato abbandona gli spalti del Roland Garros: il cane abbaiava troppo forte"},"content":{"rendered":"<p>    di<br \/>\n    Redazione Sport<\/p>\n<p class=\"summary-art is-line-h-12\">La tennista russa si \u00e8 presentata allo Slam parigino con Tomas Ferrari, l&#8217;ex fidanzato con cui si \u00e8 rimessa insieme dopo la rottura con Jannik Sinner, e la sua cagnolina Bella che per\u00f2 ha abbaiato pi\u00f9 del previsto<\/p>\n<p class=\"chapter-paragraph\">Si pu\u00f2 perdere un punto per un dritto troppo lungo, un rovescio largo, un doppio fallo o una smorzata che si spegne in rete. Ma lo si pu\u00f2 perdere anche per un abbaio del proprio cane, non sempre rispettoso del sacro silenzio del tennis. Lo sa bene<b> Anna Kalinskaya<\/b>, <a href=\"https:\/\/www.corriere.it\/sport\/tennis\/24_dicembre_05\/anna-kalinskaya-sinner-fidanzata-chi-e-c643782c-c89e-4e1b-9eb0-f90eefb70xlk.shtml\" target=\"_blank\" rel=\"nofollow noopener\">27 anni e numero 24 del mondo, <\/a>che al Roland Garros ha raggiunto i quarti di finale (miglior risultato di sempre in uno Slam) salvo poi arrendersi alla polacca\u00a0<b>Maja Chwalinska, <\/b>numero 114 della classifica e proveniente dalle qualificazioni. Al quarto turno ha avuto la meglio su <b>Anastasia Potapova <\/b>al termine di una battaglia. Nel terzo e decisivo set la russa si \u00e8 resa protagonista di uno spettacolare tiebreak (10-7) e, dopo la vittoria, la sua cagnolina <b>Bella <\/b>\u00e8 \u00abscesa in campo\u00bb a festeggiarla.<\/p>\n<p class=\"chapter-paragraph\">Niente di strano, gli organizzatori del Roland Garros <b>avevano rilasciato un accredito speciale per dieci animali domestici, <\/b>autorizzandoli a entrare nel complesso. Una decisione presa per offrire ai giocatori compagnia e supporto emotivo durante le due settimane di torneo. Ma ci sono anche gli inconvenienti:\u00a0<b>\u00abIl mio fidanzato non \u00e8 riuscito a vedere bene la partita perch\u00e9 il nostro cane ha abbaiato durante tutto il primo set, non \u00e8 stato molto piacevole<\/b> \u2014 ha svelato Kalinskaya divertita a <b>Tennis Channel <\/b>\u2014 . Ad un certo punto ha abbaiato e ho mancato la pallina, che \u00e8 finita in rete. In realt\u00e0 era anche un punto piuttosto importante. <b>Quindi il mio ragazzo <\/b>(Tomas Ferrari, l&#8217;ex da cui \u00e8 tornata dopo la rottura con Sinner)\u00a0<b>ha dovuto lasciare lo stadio con lei\u00bb.\u00a0<\/b>    &#13;<br \/>\n&#13;<br \/>\n&#13;<br \/>\n&#13;<br \/>\n&#13;<br \/>\n&#13;<br \/>\n&#13;<br \/>\n&#13;<br \/>\n&#13;<br \/>\n&#13;<br \/>\n&#13;<br \/>\n&#13;<br \/>\n&#13;<br \/>\n&#13;<br \/>\n&#13;<br \/>\n&#13;<br \/>\n&#13;<br \/>\n&#13;<br \/>\n&#13;<br \/>\n&#13;<br \/>\n&#13;<br \/>\n&#13;<br \/>\n&#13;<br \/>\n&#13;<br \/>\n&#13;<br \/>\n&#13;<br \/>\n&#13;<br \/>\n&#13;<br \/>\n&#13;<br \/>\n&#13;<br \/>\n&#13;<br \/>\n&#13;<br \/>\n&#13;<br \/>\n&#13;<br \/>\n&#13;<br \/>\n&#13;<br \/>\n&#13;<br \/>\n&#13;<br \/>\n&#13;<br \/>\n&#13;<br \/>\n&#13;<br \/>\n&#13;<br \/>\n&#13;<br \/>\n&#13;<br \/>\n&#13;<br \/>\n&#13;<br \/>\n&#13;<br \/>\n&#13;<br \/>\n&#13;<br \/>\n&#13;<br \/>\n&#13;<br \/>\n&#13;<br \/>\n&#13;\n<\/p>\n<p class=\"chapter-paragraph\"><b>Kildine Chevalier, <\/b>responsabile del supporto e delle relazioni con i giocatori del Roland Garros, aveva precedentemente sottolineato che i cani potevano stare nei loro box solo a condizione che non abbaiassero. La numero 1 del mondo Aryna Sabalenka, Potapova e la semifinalista Marta Kostyuk sono state tra le migliori giocatrici del tabellone femminile ad aver portato i loro cani agli Open di Francia.\u00a0<\/p>\n<p class=\"is-last-update\" datetime=\"2026-06-04T18:02:33+02:00\">4 giugno 2026 ( modifica il 4 giugno 2026 | 18:02)<\/p>\n<p class=\"is-copyright\">\n            \u00a9 RIPRODUZIONE RISERVATA\n        <\/p>\n","protected":false},"excerpt":{"rendered":"di Redazione Sport La tennista russa si \u00e8 presentata allo Slam parigino con Tomas Ferrari, l&#8217;ex fidanzato con&hellip;\n","protected":false},"author":3,"featured_media":523543,"comment_status":"","ping_status":"","sticky":false,"template":"","format":"standard","meta":{"footnotes":"","_share_on_mastodon":"0"},"categories":[1457],"tags":[289098,6050,42246,5471,72612,289099,100,12804,368,5226,3650,3412,1537,90,89,59164,1312,8013,185240,494,2518,32851,14175,25072,245,244,1273],"class_list":["post-523542","post","type-post","status-publish","format-standard","has-post-thumbnail","category-tennis","tag-abbaiato","tag-anna","tag-anna-kalinskaya","tag-bella","tag-cagnolina","tag-cagnolina-bella","tag-cane","tag-cani","tag-ferrari","tag-fidanzato","tag-garros","tag-giocatori","tag-it","tag-italia","tag-italy","tag-kalinskaya","tag-numero","tag-perdere","tag-potapova","tag-punto","tag-rete","tag-roland","tag-roland-garros","tag-rottura","tag-sport","tag-sports","tag-tennis"],"share_on_mastodon":{"url":"https:\/\/pubeurope.com\/@it\/116692994489142137","error":""},"_links":{"self":[{"href":"https:\/\/www.europesays.com\/it\/wp-json\/wp\/v2\/posts\/523542","targetHints":{"allow":["GET"]}}],"collection":[{"href":"https:\/\/www.europesays.com\/it\/wp-json\/wp\/v2\/posts"}],"about":[{"href":"https:\/\/www.europesays.com\/it\/wp-json\/wp\/v2\/types\/post"}],"author":[{"embeddable":true,"href":"https:\/\/www.europesays.com\/it\/wp-json\/wp\/v2\/users\/3"}],"replies":[{"embeddable":true,"href":"https:\/\/www.europesays.com\/it\/wp-json\/wp\/v2\/comments?post=523542"}],"version-history":[{"count":0,"href":"https:\/\/www.europesays.com\/it\/wp-json\/wp\/v2\/posts\/523542\/revisions"}],"wp:featuredmedia":[{"embeddable":true,"href":"https:\/\/www.europesays.com\/it\/wp-json\/wp\/v2\/media\/523543"}],"wp:attachment":[{"href":"https:\/\/www.europesays.com\/it\/wp-json\/wp\/v2\/media?parent=523542"}],"wp:term":[{"taxonomy":"category","embeddable":true,"href":"https:\/\/www.europesays.com\/it\/wp-json\/wp\/v2\/categories?post=523542"},{"taxonomy":"post_tag","embeddable":true,"href":"https:\/\/www.europesays.com\/it\/wp-json\/wp\/v2\/tags?post=523542"}],"curies":[{"name":"wp","href":"https:\/\/api.w.org\/{rel}","templated":true}]}}