{"id":523581,"date":"2026-06-04T17:53:16","date_gmt":"2026-06-04T17:53:16","guid":{"rendered":"https:\/\/www.europesays.com\/it\/523581\/"},"modified":"2026-06-04T17:53:16","modified_gmt":"2026-06-04T17:53:16","slug":"inter-cosa-serve-per-tornare-al-top-anche-in-champions","status":"publish","type":"post","link":"https:\/\/www.europesays.com\/it\/523581\/","title":{"rendered":"Inter, cosa serve per tornare al top anche in Champions"},"content":{"rendered":"<p>                                L&#8217;obiettivo sar\u00e0 riscattare l&#8217;eliminazione ai playoff col Bodo Glimt dell&#8217;anno scorso. Dopo il campionato e la Coppa Italia, Chivu \u00e8 chiamato a riscattarsi in Europa<\/p>\n<p class=\"paragraph\" spellcheck=\"true\">Qualcuno se lo sta gi\u00e0 chiedendo da un po\u2019. Soprattutto dopo gli ultimi movimenti: fuori Dumfries, diretto a Madrid, e riflettori puntati forte su Palestra, il grande obiettivo dell\u2019estate interista. Da qui, qualche domanda: che tipo di innesti dovr\u00e0 fare l\u2019Inter per essere pi\u00f9 competitiva in Europa rispetto alla stagione scorsa? Che giocatori servono? Quali investimenti vanno fatti? Perch\u00e9 il pensiero \u00e8 uno: fatti scudetto e Coppa Italia, bisognerebbe fare la Champions. E l\u2019Inter sta ragionando su questo: un vice Dumfries, almeno due difensori, un centrocampista. Almeno per alzare il livello di competitivit\u00e0 europeo.\u00a0<\/p>\n<p>        INNESTI inter\u2014 \u00a0<\/p>\n<p class=\"paragraph\" spellcheck=\"true\">L&#8217;Inter ha centrato due finali di Champions grazie a un ciclo storico. L&#8217;anno scorso \u00e8 uscita ai playoff contro il Bodo Glimt. Per il 2026\/27 dovr\u00e0 alzare il livello. Il primo appunto \u00e8 sulla difesa. <a href=\"https:\/\/www.gazzetta.it\/Calcio\/Serie-A\/Inter\/04-06-2026\/solet-inter-rinnovo-udinese.shtml?intcmp=hyperlink-articolo-gazit\" rel=\"nofollow noopener\" target=\"_blank\">L\u2019Inter \u00e8 a un passettino da Solet<\/a>, pronto a sbarcare ad Appiano in prestito con obbligo di riscatto e con un contratto fino al 2031. Andr\u00e0 a sostituire Acerbi, almeno numericamente. Il francese l\u00ec dietro pu\u00f2 fare tutto: il braccetto, il centrale puro, il costruttore\u2026 alla Bastoni. O alla Bisseck, su cui pende l&#8217;occhio del Bayern. Tuttavia, servirebbe almeno un altro difensore centrale. Sul taccuino di Marotta e Ausilio ci sono vari nomi, Muharemovic e Ndicka su tutti, quindi ci si aspetta almeno un altro investimento. Il tutto mentre a De Vrij \u00e8 stato offerto il rinnovo per un altro anno. <a href=\"https:\/\/www.gazzetta.it\/Calcio\/Calciomercato\/Inter\/02-06-2026\/mercato-inter-via-libera-a-solet-e-bisseck-alimenta-l-ipotesi-ndicka.shtml?intcmp=hyperlink-articolo-gazit\" rel=\"nofollow noopener\" target=\"_blank\">Capitolo Bisseck<\/a>: il tedesco piace parecchio in Bundesliga, con l\u2019offerta giusta pu\u00f2 lasciare. Per strappare l\u2019ok a un trasferimento servono almeno 50 milioni.<\/p>\n<p><a class=\"is-partner-link\" href=\"https:\/\/fantacampionato.gazzetta.it\/home?intcmp=CTAMondiale26\" rel=\"nofollow noopener\" target=\"_blank\">Dimostra di essere il migliore: il fantaconcorso pi\u00f9 ricco d&#8217;Italia diventa Mondiale! Abbonati a soli 9,99\u20ac<\/a><\/p>\n<p>        centrocampo\u2014 \u00a0<\/p>\n<p class=\"paragraph\" spellcheck=\"true\">Discrete manovre anche a centrocampo. Frattesi dir\u00e0 arrivederci e andr\u00e0 sostituito. Pu\u00f2 essere la chiave per arrivare a Manu Kon\u00e9, 25 anni, gi\u00e0 cercato l\u2019estate scorsa. I giallorossi lo valutano 50 milioni. Con l\u2019inserimento dell\u2019azzurro si potrebbe chiudere a meno. L\u2019Inter sta seguendo anche l&#8217;inglese Curtis Jones, 25 anni, jolly del Liverpool (l\u2019anno scorso ha fatto persino il terzino destro). Il reparto, comunque, \u00e8 da svecchiare: Barella va per i trent\u2019anni, Calhanoglu e Zielinski ne hanno 32, Mkhitaryan \u2013 ormai rinnovato \u2013 va i per 38. Restano Sucic, 2003, e Diouf, anche lui ventitreenne. Anche se Chivu lo vede come esterno destro: nelle idee per il prossimo anno dovrebbe fare il vice Palestra. Luis Henrique potrebbe lasciare dopo un solo anno. Se a destra dovesse arrivare l&#8217;azzurro dell&#8217;Atalanta, l\u2019obiettivo numero uno dopo l\u2019addio di Dumfries, l\u2019Inter pu\u00f2 stare tranquilla. L\u2019unico reparto che non sar\u00e0 toccato resta l\u2019attacco: Chivu, al netto di offerte irrinunciabili, continuer\u00e0 con capitan Lautaro, Thuram, Pio Esposito e Bonny. In quest\u2019ordine.<\/p>\n<p class=\"is-copyright\">\u00a9 RIPRODUZIONE RISERVATA<\/p>\n","protected":false},"excerpt":{"rendered":"L&#8217;obiettivo sar\u00e0 riscattare l&#8217;eliminazione ai playoff col Bodo Glimt dell&#8217;anno scorso. Dopo il campionato e la Coppa Italia,&hellip;\n","protected":false},"author":3,"featured_media":523582,"comment_status":"","ping_status":"","sticky":false,"template":"","format":"standard","meta":{"footnotes":"","_share_on_mastodon":"0"},"categories":[1452],"tags":[839,8615,88857,5831,36,7920,14753,56029,79480,721,925,7204,1969,2839,4297,5006,3257,31512,1533,3085,4031,1740,79482,12149,289108,350,1537,90,89,53,6110,809,6843,12040,289109,289110,1739,245,244],"class_list":["post-523581","post","type-post","status-publish","format-standard","has-post-thumbnail","category-calcio","tag-almeno","tag-alzare","tag-alzare-livello","tag-andra","tag-arrivare","tag-azzurro","tag-bisseck","tag-bodo","tag-bodo-glimt","tag-calcio","tag-centrale","tag-centrocampo","tag-champions","tag-chivu","tag-coppa","tag-coppa-italia","tag-destro","tag-dumfries","tag-estate","tag-europa","tag-fatti","tag-football","tag-glimt","tag-innesti","tag-innesti-inter","tag-inter","tag-it","tag-italia","tag-italy","tag-lasciare","tag-livello","tag-obiettivo","tag-palestra","tag-playoff","tag-playoff-bodo","tag-playoff-bodo-glimt","tag-soccer","tag-sport","tag-sports"],"share_on_mastodon":{"url":"https:\/\/pubeurope.com\/@it\/116693120344148286","error":""},"_links":{"self":[{"href":"https:\/\/www.europesays.com\/it\/wp-json\/wp\/v2\/posts\/523581","targetHints":{"allow":["GET"]}}],"collection":[{"href":"https:\/\/www.europesays.com\/it\/wp-json\/wp\/v2\/posts"}],"about":[{"href":"https:\/\/www.europesays.com\/it\/wp-json\/wp\/v2\/types\/post"}],"author":[{"embeddable":true,"href":"https:\/\/www.europesays.com\/it\/wp-json\/wp\/v2\/users\/3"}],"replies":[{"embeddable":true,"href":"https:\/\/www.europesays.com\/it\/wp-json\/wp\/v2\/comments?post=523581"}],"version-history":[{"count":0,"href":"https:\/\/www.europesays.com\/it\/wp-json\/wp\/v2\/posts\/523581\/revisions"}],"wp:featuredmedia":[{"embeddable":true,"href":"https:\/\/www.europesays.com\/it\/wp-json\/wp\/v2\/media\/523582"}],"wp:attachment":[{"href":"https:\/\/www.europesays.com\/it\/wp-json\/wp\/v2\/media?parent=523581"}],"wp:term":[{"taxonomy":"category","embeddable":true,"href":"https:\/\/www.europesays.com\/it\/wp-json\/wp\/v2\/categories?post=523581"},{"taxonomy":"post_tag","embeddable":true,"href":"https:\/\/www.europesays.com\/it\/wp-json\/wp\/v2\/tags?post=523581"}],"curies":[{"name":"wp","href":"https:\/\/api.w.org\/{rel}","templated":true}]}}