{"id":523649,"date":"2026-06-04T18:47:22","date_gmt":"2026-06-04T18:47:22","guid":{"rendered":"https:\/\/www.europesays.com\/it\/523649\/"},"modified":"2026-06-04T18:47:22","modified_gmt":"2026-06-04T18:47:22","slug":"chivu-rinnova-con-linter-domani-e-attesa-lufficialita","status":"publish","type":"post","link":"https:\/\/www.europesays.com\/it\/523649\/","title":{"rendered":"Chivu rinnova con l&#8217;Inter, domani \u00e8 attesa l&#8217;ufficialit\u00e0"},"content":{"rendered":"<p>                                Decisivo il summit tra il tecnico romeno e la dirigenza nerazzurra. L&#8217;annuncio \u00e8 una formalit\u00e0: con ogni probabilit\u00e0 sar\u00e0 il presidente Giuseppe Marotta a renderlo noto a Parma, in occasione del Festival della Serie A<\/p>\n<p class=\"paragraph\" spellcheck=\"true\">Pomeriggio di lavoro intenso nella sede dell&#8217;Inter in Via della Liberazione per Cristian Chivu, dove il tecnico nerazzurro ha trascorso circa quattro ore con la dirigenza. Un summit decisivo per definire gli ultimi dettagli del suo rinnovo contrattuale, un&#8217;intesa in realt\u00e0 gi\u00e0 raggiunta da tempo.\u00a0A mancare \u00e8 ormai solo l&#8217;ufficialit\u00e0 per il prolungamento fino al 2028, con opzione per un&#8217;ulteriore stagione. L&#8217;annuncio formale \u00e8 atteso a brevissimo: con ogni probabilit\u00e0, sar\u00e0 il presidente Giuseppe Marotta a renderlo noto domani a Parma, in occasione del Festival della Serie A. L&#8217;incontro non \u00e8 servito solo a blindare l&#8217;accordo economico, ma \u00e8 stato anche l&#8217;occasione per pianificare le prossime mosse strategiche del club. Chivu e il management interista hanno fatto il punto sul mercato, analizzando da vicino le varie piste, a partire dal futuro del giovane Palestra.<\/p>\n","protected":false},"excerpt":{"rendered":"Decisivo il summit tra il tecnico romeno e la dirigenza nerazzurra. L&#8217;annuncio \u00e8 una formalit\u00e0: con ogni probabilit\u00e0&hellip;\n","protected":false},"author":3,"featured_media":523650,"comment_status":"","ping_status":"","sticky":false,"template":"","format":"standard","meta":{"footnotes":"","_share_on_mastodon":"0"},"categories":[1452],"tags":[3825,721,2839,13934,5524,4631,289123,1740,276,18338,289124,1537,90,89,3205,1739,245,244],"class_list":["post-523649","post","type-post","status-publish","format-standard","has-post-thumbnail","category-calcio","tag-annuncio","tag-calcio","tag-chivu","tag-decisivo","tag-dirigenza","tag-festival","tag-festival-serie","tag-football","tag-giuseppe","tag-giuseppe-marotta","tag-giuseppe-marotta-renderlo","tag-it","tag-italia","tag-italy","tag-occasione","tag-soccer","tag-sport","tag-sports"],"share_on_mastodon":{"url":"https:\/\/pubeurope.com\/@it\/116693332645038146","error":""},"_links":{"self":[{"href":"https:\/\/www.europesays.com\/it\/wp-json\/wp\/v2\/posts\/523649","targetHints":{"allow":["GET"]}}],"collection":[{"href":"https:\/\/www.europesays.com\/it\/wp-json\/wp\/v2\/posts"}],"about":[{"href":"https:\/\/www.europesays.com\/it\/wp-json\/wp\/v2\/types\/post"}],"author":[{"embeddable":true,"href":"https:\/\/www.europesays.com\/it\/wp-json\/wp\/v2\/users\/3"}],"replies":[{"embeddable":true,"href":"https:\/\/www.europesays.com\/it\/wp-json\/wp\/v2\/comments?post=523649"}],"version-history":[{"count":0,"href":"https:\/\/www.europesays.com\/it\/wp-json\/wp\/v2\/posts\/523649\/revisions"}],"wp:featuredmedia":[{"embeddable":true,"href":"https:\/\/www.europesays.com\/it\/wp-json\/wp\/v2\/media\/523650"}],"wp:attachment":[{"href":"https:\/\/www.europesays.com\/it\/wp-json\/wp\/v2\/media?parent=523649"}],"wp:term":[{"taxonomy":"category","embeddable":true,"href":"https:\/\/www.europesays.com\/it\/wp-json\/wp\/v2\/categories?post=523649"},{"taxonomy":"post_tag","embeddable":true,"href":"https:\/\/www.europesays.com\/it\/wp-json\/wp\/v2\/tags?post=523649"}],"curies":[{"name":"wp","href":"https:\/\/api.w.org\/{rel}","templated":true}]}}