{"id":523864,"date":"2026-06-04T21:43:17","date_gmt":"2026-06-04T21:43:17","guid":{"rendered":"https:\/\/www.europesays.com\/it\/523864\/"},"modified":"2026-06-04T21:43:17","modified_gmt":"2026-06-04T21:43:17","slug":"incidente-a-iseo-morte-due-sorelle-di-livigno-di-23-e-14-anni-frontale-fuori-dalla-galleria-lauto-si-ribalta","status":"publish","type":"post","link":"https:\/\/www.europesays.com\/it\/523864\/","title":{"rendered":"Incidente a Iseo, morte due sorelle di Livigno di 23 e 14 anni:\u00a0frontale fuori dalla galleria, l\u2019auto si ribalta"},"content":{"rendered":"<p>Iseo (Brescia), 5 giugno 2026 \u2013\u00a0 Uno <strong>schianto frontale<\/strong> violentissimo tra due auto \u00e8 costato ieri la vita a <strong>due ragazze<\/strong>, sorelle di Livigno, una di <strong>23\u00a0anni<\/strong>, l\u2019altra di <strong>14 anni<\/strong>, morte sul colpo tra le lamiere di una <strong>Volkswagen<\/strong> resa irriconoscibile dall\u2019impatto. L\u2019incidente si \u00e8 verificato una manciata di minuti prima delle 19 in territorio di Iseo, lungo la <strong>provinciale 510<\/strong>, a pochi metri dalla <strong>galleria Montecognolo,<\/strong> non distante dallo svincolo per <strong>Covolo.<\/strong><\/p>\n<p> <img alt=\"Tragico incidente a Iseo (Fotolive Filippo Venezia)\" loading=\"lazy\" width=\"2200\" height=\"1650\" decoding=\"async\" data-nimg=\"1\" style=\"color:transparent;max-width:100%;height:auto\"   src=\"https:\/\/www.europesays.com\/it\/wp-content\/uploads\/2026\/06\/tragico-incidente-a-iseo-fotolive-filippo-venezia.webp\"\/><\/p>\n<p>Tragico incidente a Iseo (Fotolive Filippo Venezia)<\/p>\n<p>Saranno ora gli agenti della polizia stradale di Brescia e di Iseo a ricostruire l\u2019antefatto di una scena agghiacciante, che in un attimo ha polverizzato le vite di due giovanissime. Una scena che si \u00e8 ripetuta purtroppo troppe volte su quella Provinciale, lungo quel nastro di asfalto che corre dalla <strong>Valcamonica<\/strong> al lago d\u2019Iseo fino al capoluogo, costellata da lunghe gallerie e non nuova a polemiche per sorpassi azzardati.<\/p>\n<p> <img alt=\"Tragico incidente a Iseo, morte due ragazze (foto da video Local Team)\" loading=\"lazy\" width=\"1600\" height=\"900\" decoding=\"async\" data-nimg=\"1\" style=\"color:transparent;max-width:100%;height:auto\"   src=\"https:\/\/www.europesays.com\/it\/wp-content\/uploads\/2026\/06\/tragico-incidente-a-iseo-morte-due-ragazze-foto-da-video-local-team.webp\"\/><\/p>\n<p>Tragico incidente a Iseo, morte due ragazze (foto da video Local Team)<\/p>\n<p>La dinamica dello scontro tra la Volkswagen Polo e la Kia station wagon <\/p>\n<p>Ancora non si conosce\u00a0quale sia stata la causa del terribile incidente, e quale delle due vetture coinvolte abbia invaso la corsia sbagliata. Quel che \u00e8 certo \u00e8 che la<strong> Volkswagen Polo<\/strong>, l\u2019auto su cui viaggiavano le vittime, si muoveva in <strong>direzione Valcamonica<\/strong>.<\/p>\n<p> <img alt=\"Tragico incidente a Iseo, morte due ragazze (frame da video Local Team)\" loading=\"lazy\" width=\"1600\" height=\"900\" decoding=\"async\" data-nimg=\"1\" style=\"color:transparent;max-width:100%;height:auto\"   src=\"https:\/\/www.europesays.com\/it\/wp-content\/uploads\/2026\/06\/tragico-incidente-a-iseo-morte-due-ragazze-frame-da-video-local-team.webp\"\/><\/p>\n<p>Tragico incidente a Iseo, morte due ragazze (frame da video Local Team)<\/p>\n<p>La <strong>Kia station wagon<\/strong>, invece, condotta da un sessantaquattrenne, andava verso Brescia. All\u2019improvviso le due macchine sono entrate in rotta di collisione. L\u2019urto ha avuto conseguenze catastrofiche. La Volkswagen Polo \u00e8 <strong>uscita di strada,<\/strong> e ha finito la propria marcia adagiandosi su un fianco, arrampicata sul guardrail, con la parte anteriore &#8211; abitacolo compreso &#8211; completamente cancellata.<\/p>\n<p> <img alt=\"\" loading=\"lazy\" width=\"1909\" height=\"1325\" decoding=\"async\" data-nimg=\"1\" style=\"color:transparent;max-width:100%;height:auto\"   src=\"https:\/\/www.europesays.com\/it\/wp-content\/uploads\/2026\/06\/1780609396_479_image.webp\"\/> <\/p>\n<p>Impossibile per le ragazze a bordo salvarsi. Sul posto la centrale regionale di emergenza Areu ha inviato l\u2019elisoccorso, due ambulanze e un\u2019automedica, intervenuti insieme ai vigili del fuoco proprio per estrarre i corpi delle malcapitate da quell\u2019ammasso di lamiere aggrovigliate.<\/p>\n<p>Approfondisci:<\/p>\n<p><a href=\"https:\/\/www.ilgiorno.it\/pavia\/cronaca\/castelletto-di-branduzzo-frontale-auto-camion-morti-padre-figlio-78339c9c\" class=\"ArticleEmbed_article__embed__content__Jzqnz\" rel=\"nofollow noopener\" target=\"_blank\">Castelletto di Branduzzo, frontale tra auto e camion: morti padre e figlio<img alt=\"Castelletto di Branduzzo, frontale tra auto e camion: morti padre e figlio\" loading=\"lazy\" width=\"140\" height=\"78\" decoding=\"async\" data-nimg=\"1\" style=\"color:transparent\"  src=\"https:\/\/www.europesays.com\/it\/wp-content\/uploads\/2026\/06\/inutili-i-soccorsi-i-due-sono-stati-estratti-senza-vita-dalle-lamiere.webp\"\/><\/a><br \/>\nMorte sul colpo <\/p>\n<p>La corsa contro il tempo ha per\u00f2 avuto esito negativo:<strong> le due giovani erano gi\u00e0 morte,<\/strong> sono decedute sul colpo. Anche il <strong>conducente dell\u2019altra auto,<\/strong> la Kia, \u00e8 rimasto seriamente ferito ed \u00e8 stato trasportato al Civile di Brescia. Le sue condizioni tuttavia non appaiono cos\u00ec gravi da metterlo in pericolo di vita.<\/p>\n<p>Approfondisci:<\/p>\n<p><a href=\"https:\/\/www.ilgiorno.it\/milano\/cronaca\/cinisello-investito-rapina-vvn25vh4\" class=\"ArticleEmbed_article__embed__content__Jzqnz\" rel=\"nofollow noopener\" target=\"_blank\">Corriere rapinato del furgone e investito dal commando in fuga a Cinisello Balsamo<img alt=\"Corriere rapinato del furgone e investito dal commando in fuga a Cinisello Balsamo\" loading=\"lazy\" width=\"140\" height=\"78\" decoding=\"async\" data-nimg=\"1\" style=\"color:transparent\"  src=\"https:\/\/www.europesays.com\/it\/wp-content\/uploads\/2026\/06\/rapina-furgone-corriere-via-casignolo-cinisello.webp\"\/><\/a> <\/p>\n<p>L\u2019ultimo drammatico precedente <\/p>\n<p>Domenica scorsa, in territorio di<strong> Breno<\/strong>, alcune decine di chilometri pi\u00f9 a nord, dove la 510 diventa Statale 42, un altro frontale tra auto &#8211; in quel caso in galleria &#8211; ha distrutto due vite. Erano madre e figlio, ElisaPasqua Zanola, 78 anni e Pierluigi Moraschetti, 50, di Cedegolo.<\/p>\n","protected":false},"excerpt":{"rendered":"Iseo (Brescia), 5 giugno 2026 \u2013\u00a0 Uno schianto frontale violentissimo tra due auto \u00e8 costato ieri la vita&hellip;\n","protected":false},"author":3,"featured_media":523865,"comment_status":"","ping_status":"","sticky":false,"template":"","format":"standard","meta":{"footnotes":"","_share_on_mastodon":"0"},"categories":[79],"tags":[2765,14,93,94,14888,11160,298,50868,1537,90,89,14489,964,7,15,3092,12284,11,84,91,12,85,92],"class_list":["post-523864","post","type-post","status-publish","format-standard","has-post-thumbnail","category-italia","tag-auto","tag-cronaca","tag-cronaca-italiana","tag-cronacaitaliana","tag-frontale","tag-galleria","tag-incidente","tag-iseo","tag-it","tag-italia","tag-italy","tag-livigno","tag-morte","tag-news","tag-notizie","tag-ribalta","tag-sorelle","tag-ultime-notizie","tag-ultime-notizie-e-news-di-oggi","tag-ultime-notizie-italia","tag-ultimenotizie","tag-ultimenotizieenewsdioggi","tag-ultimenotizieitalia"],"share_on_mastodon":{"url":"https:\/\/pubeurope.com\/@it\/116694025063337204","error":""},"_links":{"self":[{"href":"https:\/\/www.europesays.com\/it\/wp-json\/wp\/v2\/posts\/523864","targetHints":{"allow":["GET"]}}],"collection":[{"href":"https:\/\/www.europesays.com\/it\/wp-json\/wp\/v2\/posts"}],"about":[{"href":"https:\/\/www.europesays.com\/it\/wp-json\/wp\/v2\/types\/post"}],"author":[{"embeddable":true,"href":"https:\/\/www.europesays.com\/it\/wp-json\/wp\/v2\/users\/3"}],"replies":[{"embeddable":true,"href":"https:\/\/www.europesays.com\/it\/wp-json\/wp\/v2\/comments?post=523864"}],"version-history":[{"count":0,"href":"https:\/\/www.europesays.com\/it\/wp-json\/wp\/v2\/posts\/523864\/revisions"}],"wp:featuredmedia":[{"embeddable":true,"href":"https:\/\/www.europesays.com\/it\/wp-json\/wp\/v2\/media\/523865"}],"wp:attachment":[{"href":"https:\/\/www.europesays.com\/it\/wp-json\/wp\/v2\/media?parent=523864"}],"wp:term":[{"taxonomy":"category","embeddable":true,"href":"https:\/\/www.europesays.com\/it\/wp-json\/wp\/v2\/categories?post=523864"},{"taxonomy":"post_tag","embeddable":true,"href":"https:\/\/www.europesays.com\/it\/wp-json\/wp\/v2\/tags?post=523864"}],"curies":[{"name":"wp","href":"https:\/\/api.w.org\/{rel}","templated":true}]}}