{"id":524429,"date":"2026-06-05T06:52:18","date_gmt":"2026-06-05T06:52:18","guid":{"rendered":"https:\/\/www.europesays.com\/it\/524429\/"},"modified":"2026-06-05T06:52:18","modified_gmt":"2026-06-05T06:52:18","slug":"marino-occhipinti-e-lergastolo-chiedo-perdono-sono-pentito","status":"publish","type":"post","link":"https:\/\/www.europesays.com\/it\/524429\/","title":{"rendered":"Marino Occhipinti e l\u2019ergastolo:\u00a0\u200b\u200b\u200b\u200b\u200b\u200b\u201cChiedo perdono, sono pentito\u201d"},"content":{"rendered":"<p>Bologna, 5 giugno 2026 \u2013\u00a0<strong>\u201cIl pentimento, <\/strong>in lui, \u00e8 sempre stato una costante. Lo ha dimostrato fin da subito. E da subito ha chiesto perdono alle famiglie delle vittime\u201d. <strong>L\u2019avvocato Milena Micele <\/strong>assiste Marino Occhipinti, ex poliziotto e componente della <strong><a rel=\"follow nofollow noopener\" href=\"https:\/\/www.ilrestodelcarlino.it\/bologna\/cronaca\/uno-bianca-storia-vittime-bd314sc0\" target=\"_blank\">banda della Uno Bianca<\/a><\/strong>. <strong>Tra le varie azioni a cui prese parte<\/strong>, anche l\u2019assalto al <strong>portavalori davanti alla Coop di Casalecchio<\/strong>, la sera del 19 febbraio 1988, quando spararono contro quattro guardie giurate tra cui <strong><a rel=\"follow nofollow noopener\" href=\"https:\/\/www.ilrestodelcarlino.it\/bologna\/cronaca\/veronica-beccari-uno-bianca-intervista-jrn747v7\" target=\"_blank\">Carlo Beccari, 26 anni nemmeno compiuti, una moglie e una figlioletta di tre anni, Veronica<\/a><\/strong>. Beccari fu ucciso in quell\u2019assalto e per il suo omicidio furono condannati all\u2019ergastolo Roberto Savi, Fabio Savi e Marino Occhipinti.  <\/p>\n<p>Approfondisci:<\/p>\n<p><a href=\"https:\/\/www.ilrestodelcarlino.it\/bologna\/cronaca\/uno-bianca-interrogatorio-roberto-fabio-savi-lbd5hs4h\" class=\"ArticleEmbed_article__embed__content__Jzqnz\" rel=\"nofollow noopener\" target=\"_blank\">Uno Bianca, gioved\u00ec l\u2019interrogatorio di Roberto e Fabio Savi<img alt=\"Uno Bianca, gioved\u00ec l\u2019interrogatorio di Roberto e Fabio Savi\" loading=\"lazy\" width=\"140\" height=\"78\" decoding=\"async\" data-nimg=\"1\" style=\"color:transparent\"  src=\"https:\/\/www.europesays.com\/it\/wp-content\/uploads\/2026\/06\/roberto-e-fabio-savi-in-carcere-dal-1994-saranno-interrogati-a-bollate-la-prossima-settimana.webp\"\/><\/a><img alt=\"Roberto e Fabio Savi in una foto di archivio del marzo 1996  scattata ad Ancona  durante una udienza del processo per l'uccisione del bancario pesarese Ubaldo Paci\" loading=\"lazy\" width=\"1217\" height=\"952\" decoding=\"async\" data-nimg=\"1\" style=\"color:transparent;max-width:100%;height:auto\"   src=\"https:\/\/www.europesays.com\/it\/wp-content\/uploads\/2026\/06\/roberto-e-fabio-savi-in-una-foto-di-archivio-del-marzo-1996-scattata-ad-ancona-durante-una-udienza-d.webp\"\/><\/p>\n<p>Roberto e Fabio Savi in una foto di archivio del marzo 1996  scattata ad Ancona  durante una udienza del processo per l&#8217;uccisione del bancario pesarese Ubaldo Paci<\/p>\n<p>Ripristinato l\u2019ergastolo, per lui \u00e8 tutto da rifare <\/p>\n<p><strong>Quest\u2019ultimo,<\/strong> oggi 61enne, ex poliziotto (nato a Santa Sofia), \u00e8 stato arrestato il 29 novembre 1994.<strong> Il 14 dicembre del 2011<\/strong> gli \u00e8 stata concessa la semilibert\u00e0 e nel luglio del 2018 \u00e8 stato ammesso alla liberazione condizionale. In altre parole, era libero. Ma il 10 agosto del 2022 interviene il decreto di sospensione della liberazione condizionale (con proposta di revoca della stessa) e pochi giorni dopo, il 24 agosto 2022, gli viene revocata dal Tribunale di Sorveglianza di Venezia. Ripristinato l\u2019ergastolo, per lui \u00e8 quindi tutto da rifare. Occhipinti infatti ha patteggiato due anni per maltrattamenti alla nuova compagna. Ora, ha ricominciato un percorso di revisione critica. <\/p>\n<p>Approfondisci:<\/p>\n<p><a href=\"https:\/\/www.ilrestodelcarlino.it\/bologna\/cronaca\/uno-bianca-la-verita-di-d7094a8d\" class=\"ArticleEmbed_article__embed__content__Jzqnz\" rel=\"nofollow noopener\" target=\"_blank\">Uno Bianca, la \u2019verit\u00e0\u2019 di Fabio Savi. Mikula: &#8220;Continua a manipolare&#8221;. La Procura acquisir\u00e0 tutto il video<img alt=\"Uno Bianca, la \u2019verit\u00e0\u2019 di Fabio Savi. Mikula: &quot;Continua a manipolare&quot;. La Procura acquisir\u00e0 tutto il video\" loading=\"lazy\" width=\"140\" height=\"78\" decoding=\"async\" data-nimg=\"1\" style=\"color:transparent\"  src=\"https:\/\/www.europesays.com\/it\/wp-content\/uploads\/2026\/06\/uno-bianca-la-verita-di-fabio-savi-mikula-continua-a-manipolare-la-procura-acquisira-tutto-il-video..webp\"\/><\/a><img alt=\"Marino Occhipinti e l\u2019ergastolo: \u201cChiedo perdono, sono pentito\u201d\" loading=\"lazy\" width=\"762\" height=\"429\" decoding=\"async\" data-nimg=\"1\" style=\"color:transparent\"  src=\"https:\/\/www.europesays.com\/it\/wp-content\/uploads\/2026\/06\/xabr534.jpeg\"\/><br \/>\nIl legale: \u201cOcchipinti aveva portato a termine un percorso\u201d <\/p>\n<p><strong>\u201cOcchipinti<\/strong> aveva compiuto e portato a termine un percorso che \u00e8 stato attestato in numerosi provvedimenti dell\u2019autorit\u00e0 giudiziaria \u2013 spiega l\u2019avvocato Micele \u2013 che, ancora prima, <strong>gli aveva concesso permessi premio\u201d<\/strong>. Uno, ad esempio, gli fu dato per partecipare alla Via Crucis a Sarmeola di Rubano, nel Padovano, assieme ad altri detenuti. Era accompagnato da alcuni operatori sociali. <\/p>\n<p>Poi le botte alla compagna e di nuovo il carcere <\/p>\n<p>Nella\u00a0richiesta della semilibert\u00e0, poi, il Tribunale di Sorveglianza, nel provvedimento, spiega che<strong> il suo pentimento \u00e8 autentico,<\/strong> che ha rivisitato in modo critico il suo passato e non \u00e8 socialmente pericoloso. \u201cQuei benefici avevano trovato attestazione tramite una verifica approfondita del percorso compiuto\u201d.<strong> Poi, per\u00f2, le botte alla compagna <\/strong>e di nuovo il carcere. <\/p>\n<p>L\u2019avvocato Micele: \u201cHa chiuso con quel capitolo buio della sua vita\u201d <\/p>\n<p><strong>Ma Occhipinti <\/strong>\u201cquando inizi\u00f2, anni fa, quel primo percorso di revisione critica in carcere, aveva sentito subito la necessit\u00e0 di chiedere perdono ai familiari delle vittime. Ha preso le distanze da tutto quel periodo e da quelle azioni \u2013 sottolinea l\u2019avvocato Micele \u2013 e dice di avere chiuso con quel capitolo buio della sua vita\u201d. Il capitolo Uno Bianca. \u201cNon potr\u00e0 mai esserci perdono da parte mia\u201d, ha detto Veronica, la figlia di Beccari, in una lunga intervista al Carlino. <\/p>\n","protected":false},"excerpt":{"rendered":"Bologna, 5 giugno 2026 \u2013\u00a0\u201cIl pentimento, in lui, \u00e8 sempre stato una costante. Lo ha dimostrato fin da&hellip;\n","protected":false},"author":3,"featured_media":524430,"comment_status":"","ping_status":"","sticky":false,"template":"","format":"standard","meta":{"footnotes":"","_share_on_mastodon":"0"},"categories":[79],"tags":[8366,14,93,94,2430,1537,90,89,329,7,15,289528,91511,67566,11,84,91,12,85,92],"class_list":["post-524429","post","type-post","status-publish","format-standard","has-post-thumbnail","category-italia","tag-chiedo","tag-cronaca","tag-cronaca-italiana","tag-cronacaitaliana","tag-ergastolo","tag-it","tag-italia","tag-italy","tag-marino","tag-news","tag-notizie","tag-occhipinti","tag-pentito","tag-perdono","tag-ultime-notizie","tag-ultime-notizie-e-news-di-oggi","tag-ultime-notizie-italia","tag-ultimenotizie","tag-ultimenotizieenewsdioggi","tag-ultimenotizieitalia"],"share_on_mastodon":{"url":"https:\/\/pubeurope.com\/@it\/116696183615887141","error":""},"_links":{"self":[{"href":"https:\/\/www.europesays.com\/it\/wp-json\/wp\/v2\/posts\/524429","targetHints":{"allow":["GET"]}}],"collection":[{"href":"https:\/\/www.europesays.com\/it\/wp-json\/wp\/v2\/posts"}],"about":[{"href":"https:\/\/www.europesays.com\/it\/wp-json\/wp\/v2\/types\/post"}],"author":[{"embeddable":true,"href":"https:\/\/www.europesays.com\/it\/wp-json\/wp\/v2\/users\/3"}],"replies":[{"embeddable":true,"href":"https:\/\/www.europesays.com\/it\/wp-json\/wp\/v2\/comments?post=524429"}],"version-history":[{"count":0,"href":"https:\/\/www.europesays.com\/it\/wp-json\/wp\/v2\/posts\/524429\/revisions"}],"wp:featuredmedia":[{"embeddable":true,"href":"https:\/\/www.europesays.com\/it\/wp-json\/wp\/v2\/media\/524430"}],"wp:attachment":[{"href":"https:\/\/www.europesays.com\/it\/wp-json\/wp\/v2\/media?parent=524429"}],"wp:term":[{"taxonomy":"category","embeddable":true,"href":"https:\/\/www.europesays.com\/it\/wp-json\/wp\/v2\/categories?post=524429"},{"taxonomy":"post_tag","embeddable":true,"href":"https:\/\/www.europesays.com\/it\/wp-json\/wp\/v2\/tags?post=524429"}],"curies":[{"name":"wp","href":"https:\/\/api.w.org\/{rel}","templated":true}]}}