{"id":524473,"date":"2026-06-05T07:33:13","date_gmt":"2026-06-05T07:33:13","guid":{"rendered":"https:\/\/www.europesays.com\/it\/524473\/"},"modified":"2026-06-05T07:33:13","modified_gmt":"2026-06-05T07:33:13","slug":"mercato-como-si-intensificano-i-contatti-per-gonzalo-garcia","status":"publish","type":"post","link":"https:\/\/www.europesays.com\/it\/524473\/","title":{"rendered":"mercato Como, si intensificano i contatti per Gonzalo Garcia"},"content":{"rendered":"<p>                                Il centravanti spagnolo \u00e8 l&#8217;obiettivo numero uno dei lariani. Per sostituire Nico piace Palacios, occhi puntati anche sulla suggestione Carvajal<\/p>\n<p class=\"paragraph\" spellcheck=\"true\">Si insiste su Gonzalo Garcia, centravanti del Real. L\u2019asse Como-Madrid si conferma uno dei pi\u00f9 proficui del mercato, con una fitta rete di trattative che riguarda soprattutto i migliori giovani talenti usciti dalla Fabrica. Il modello \u00e8 quello inaugurato con l\u2019arrivo di Nico Paz due estati fa:  Como  ambiente ideale per la crescita controllata dei canterani. A cui viene \u201cgarantito\u201d un minutaggio di alto livello, mantenendone il controllo tramite clausole di recompra e percentuali sulla rivendita. Il Como ottiene ragazzi gi\u00e0 \u201cmentalizzati\u201d a costi contenuti: \u00e8 una mutua soddisfazione. La \u201cformula Paz\u201d \u00e8 stata replicata con Jacobo Ramon: funziona.<\/p>\n<p>        attacco corto\u2014 \u00a0<\/p>\n<p class=\"paragraph\" spellcheck=\"true\">\u00a0Garcia \u00e8 un talento gi\u00e0 sbocciato. Mentre Nico prima di sbarcare sul lago aveva giocato solo quattro partite in Liga, Gonzalo \u2013 solo di un anno pi\u00f9 vecchio &#8211; ha nelle gambe un\u2019intera stagione: 30 presenze in campionato con 6 gol a cui se ne aggiungono 2 nelle coppe nazionali e 4 in 6 partite del Mondiale per club, un vero e proprio exploit. Il valore di mercato del madrileno \u00e8 ovviamente parametrato su un rendimento \u201cda grande\u201d e si aggira sui 30 milioni. Ma, ancora, la \u201cformula Paz\u201d potrebbe venire in soccorso, oppure un prestito oneroso con un riscatto legato ai gol. Il Como ha possibilit\u00e0 di spendere, ma di certo non spande anche se  la Champions \u00e8 dura  e il parco attaccanti di Fabregas \u00e8 numericamente corto. Al titolare Douvikas si aggiunge Morata, la cui permanenza a Como \u00e8 tutt\u2019altro che certa. Poi c\u2019\u00e8 l\u2019altro spagnolo, Ivan Azon, di ritorno dal prestito all\u2019Ipswich. Stagione pi\u00f9 che positiva culminata con la promozione in Premier: in ritiro si decider\u00e0 se tenerlo o fargli mercato.<\/p>\n<p><a class=\"is-partner-link\" href=\"https:\/\/fantacampionato.gazzetta.it\/home?intcmp=CTAMondiale26\" rel=\"nofollow noopener\" target=\"_blank\">Dimostra di essere il migliore: il fantaconcorso pi\u00f9 ricco d&#8217;Italia diventa Mondiale! Abbonati a soli 9,99\u20ac<\/a><\/p>\n<p>        elezioni a madrid\u2014 \u00a0<\/p>\n<p class=\"paragraph\" spellcheck=\"true\">In tutto questo c\u2019\u00e8 da considerare il punto interrogativo sulla permanenza di Nico Paz. Dubbio che si intensifica alla luce della situazione societaria del Real, che domenica \u00e8 chiamato a eleggere il presidente (Perez o Riquelme?): da lui, a cascata, dipende il destino dell\u2019allenatore (il ritorno di Mourinho confermato?) e della rosa. Intanto il Como si tutela e come sostituto di Paz pensa a un altro canterano di lusso: Cesar Palacios, su cui c\u2019\u00e8 anche l\u2019Udinese. Trequartista classe 2004, con eccellente visione di gioco, abilit\u00e0 nel dribbling e di inserimento. In stagione 16 reti, di cui 14 con la seconda squadra in terza divisione. C\u2019\u00e8 poi la bandiera blanca Dani Carvajal, in scadenza, che ha gi\u00e0 detto addio. Il mercato \u00e8 fatto anche di suggestioni.<\/p>\n<p class=\"is-copyright\">\u00a9 RIPRODUZIONE RISERVATA<\/p>\n","protected":false},"excerpt":{"rendered":"Il centravanti spagnolo \u00e8 l&#8217;obiettivo numero uno dei lariani. Per sostituire Nico piace Palacios, occhi puntati anche sulla&hellip;\n","protected":false},"author":3,"featured_media":524474,"comment_status":"","ping_status":"","sticky":false,"template":"","format":"standard","meta":{"footnotes":"","_share_on_mastodon":"0"},"categories":[1452],"tags":[11756,289562,289563,2983,316,289561,721,171769,12837,1969,3705,5054,1740,3341,289560,44470,1976,117848,266733,1537,90,89,5382,1412,4978,51531,30002,4283,4980,45279,6840,11377,3675,1739,3665,245,244,577],"class_list":["post-524473","post","type-post","status-publish","format-standard","has-post-thumbnail","category-calcio","tag-abilita","tag-abilita-dribbling","tag-abilita-dribbling-inserimento","tag-addio","tag-asse","tag-asse-como","tag-calcio","tag-carvajal","tag-centravanti","tag-champions","tag-como","tag-corto","tag-football","tag-formula","tag-formula-paz","tag-garcia","tag-gol","tag-gonzalo","tag-gonzalo-garcia","tag-it","tag-italia","tag-italy","tag-madrid","tag-mercato","tag-nico","tag-nico-paz","tag-palacios","tag-partite","tag-paz","tag-permanenza","tag-prestito","tag-real","tag-ritorno","tag-soccer","tag-spagnolo","tag-sport","tag-sports","tag-stagione"],"share_on_mastodon":{"url":"https:\/\/pubeurope.com\/@it\/116696344786043692","error":""},"_links":{"self":[{"href":"https:\/\/www.europesays.com\/it\/wp-json\/wp\/v2\/posts\/524473","targetHints":{"allow":["GET"]}}],"collection":[{"href":"https:\/\/www.europesays.com\/it\/wp-json\/wp\/v2\/posts"}],"about":[{"href":"https:\/\/www.europesays.com\/it\/wp-json\/wp\/v2\/types\/post"}],"author":[{"embeddable":true,"href":"https:\/\/www.europesays.com\/it\/wp-json\/wp\/v2\/users\/3"}],"replies":[{"embeddable":true,"href":"https:\/\/www.europesays.com\/it\/wp-json\/wp\/v2\/comments?post=524473"}],"version-history":[{"count":0,"href":"https:\/\/www.europesays.com\/it\/wp-json\/wp\/v2\/posts\/524473\/revisions"}],"wp:featuredmedia":[{"embeddable":true,"href":"https:\/\/www.europesays.com\/it\/wp-json\/wp\/v2\/media\/524474"}],"wp:attachment":[{"href":"https:\/\/www.europesays.com\/it\/wp-json\/wp\/v2\/media?parent=524473"}],"wp:term":[{"taxonomy":"category","embeddable":true,"href":"https:\/\/www.europesays.com\/it\/wp-json\/wp\/v2\/categories?post=524473"},{"taxonomy":"post_tag","embeddable":true,"href":"https:\/\/www.europesays.com\/it\/wp-json\/wp\/v2\/tags?post=524473"}],"curies":[{"name":"wp","href":"https:\/\/api.w.org\/{rel}","templated":true}]}}