{"id":524715,"date":"2026-06-05T10:44:18","date_gmt":"2026-06-05T10:44:18","guid":{"rendered":"https:\/\/www.europesays.com\/it\/524715\/"},"modified":"2026-06-05T10:44:18","modified_gmt":"2026-06-05T10:44:18","slug":"nuova-statua-di-padre-pio-allospedale-di-ostuni-lunedi-linaugurazione","status":"publish","type":"post","link":"https:\/\/www.europesays.com\/it\/524715\/","title":{"rendered":"Nuova statua di Padre Pio all&#8217;ospedale di Ostuni: luned\u00ec l&#8217;inaugurazione"},"content":{"rendered":"<p>OSTUNI &#8211; La sanit\u00e0 non \u00e8 solo cura del corpo, ma anche conforto per lo spirito. Con questa consapevolezza, la Asl Brindisi \u00e8 lieta di annunciare un evento speciale che arricchir\u00e0 la struttura di Ostuni, l\u2019ospedale Papa Francesco, di un profondo valore simbolico.<\/p>\n<p>Luned\u00ec 8 giugno, alle 12, nella nuova piastra del presidio, si terr\u00e0 la cerimonia di inaugurazione di una nuova statua raffigurante Padre Pio. Quest&#8217;opera, realizzata e donata alla comunit\u00e0 dal maestro scultore Pietro Palmisano, diventer\u00e0 un punto di riferimento per pazienti, operatori e visitatori.<\/p>\n<p>La scoperta della statua sar\u00e0 un momento condiviso: alla cerimonia parteciperanno la direzione aziendale della Asl Brindisi, tutto il personale sanitario della struttura e le principali autorit\u00e0 religiose, civili e militari della citt\u00e0.<\/p>\n<p>\u00c8 un invito aperto a tutti i cittadini: la presenza della popolazione render\u00e0 questo dono ancora pi\u00f9 significativo, unendo la comunit\u00e0 intorno a un simbolo di speranza e vicinanza.<\/p>\n<p>Rimani aggiornato sulle notizie dalla tua provincia iscrivendoti al nostro canale whatsapp: <a href=\"https:\/\/whatsapp.com\/channel\/0029VaKWoMlHVvTdyOiOzY2a\" rel=\"nofollow noopener\" target=\"_blank\">clicca qui<\/a><\/p>\n<p>Seguici gratuitamente anche sul canale Facebook: <a href=\"https:\/\/m.me\/j\/Abampv2kioahdYYR\/?fbclid=IwZXh0bgNhZW0CMTAAAR29fhbvEPBoqO0AXcm08uabvybjbX6Vl8SoolvjtSYOebOXvXAZ-222Rrk_aem_aWYjeKkf52MbBu56JCWyxw\" target=\"_blank\" rel=\"nofollow\">https:\/\/m.me\/j\/Abampv2kioahdYYR\/<\/a><\/p>\n<p>  &#13;<br \/>\n&#13;<br \/>\n  &lt;!?php if ( SF_DOMAIN == &#8216;citynews-bruxellestoday&#8217; || SF_DOMAIN == &#8216;citynews-cagliaritoday&#8217; || SF_DOMAIN == &#8216;citynews-sassaritoday&#8217; || SF_DOMAIN == &#8216;citynews-tarantotoday&#8217; || SF_DOMAIN == &#8216;citynews-viterbotoday&#8217; || SF_DOMAIN == &#8216;citynews-ferraratoday&#8217; ): ?&gt;&#13;<br \/>\n    &#13;<br \/>\n  &lt;!?php endif; ?&gt;&#13;<br \/>\n  &#13;<br \/>\n&#13;<br \/>\n        &#13;<br \/>\n        &#13;<\/p>\n<p>BrindisiReport \u00e8 anche su Mobile! <a class=\"u-color-theme\" href=\"https:\/\/www.brindisireport.it\/~shared\/do\/api\/mobile-app\/get\/?campaign=bt_article\" rel=\"nofollow noopener\" target=\"_blank\">Scarica<\/a> l\u2019App per rimanere sempre aggiornato.<\/p>\n","protected":false},"excerpt":{"rendered":"OSTUNI &#8211; La sanit\u00e0 non \u00e8 solo cura del corpo, ma anche conforto per lo spirito. Con questa&hellip;\n","protected":false},"author":3,"featured_media":524716,"comment_status":"","ping_status":"","sticky":false,"template":"","format":"standard","meta":{"footnotes":"","_share_on_mastodon":"0"},"categories":[1446],"tags":[1615,1613,1614,1611,1610,1612,203,204,1537,90,89,812,44092,7452],"class_list":["post-524715","post","type-post","status-publish","format-standard","has-post-thumbnail","category-arte-e-design","tag-arte","tag-arte-e-design","tag-arteedesign","tag-arts","tag-arts-and-design","tag-design","tag-entertainment","tag-intrattenimento","tag-it","tag-italia","tag-italy","tag-ospedale","tag-padre-pio","tag-statua"],"share_on_mastodon":{"url":"https:\/\/pubeurope.com\/@it\/116697095589898530","error":""},"_links":{"self":[{"href":"https:\/\/www.europesays.com\/it\/wp-json\/wp\/v2\/posts\/524715","targetHints":{"allow":["GET"]}}],"collection":[{"href":"https:\/\/www.europesays.com\/it\/wp-json\/wp\/v2\/posts"}],"about":[{"href":"https:\/\/www.europesays.com\/it\/wp-json\/wp\/v2\/types\/post"}],"author":[{"embeddable":true,"href":"https:\/\/www.europesays.com\/it\/wp-json\/wp\/v2\/users\/3"}],"replies":[{"embeddable":true,"href":"https:\/\/www.europesays.com\/it\/wp-json\/wp\/v2\/comments?post=524715"}],"version-history":[{"count":0,"href":"https:\/\/www.europesays.com\/it\/wp-json\/wp\/v2\/posts\/524715\/revisions"}],"wp:featuredmedia":[{"embeddable":true,"href":"https:\/\/www.europesays.com\/it\/wp-json\/wp\/v2\/media\/524716"}],"wp:attachment":[{"href":"https:\/\/www.europesays.com\/it\/wp-json\/wp\/v2\/media?parent=524715"}],"wp:term":[{"taxonomy":"category","embeddable":true,"href":"https:\/\/www.europesays.com\/it\/wp-json\/wp\/v2\/categories?post=524715"},{"taxonomy":"post_tag","embeddable":true,"href":"https:\/\/www.europesays.com\/it\/wp-json\/wp\/v2\/tags?post=524715"}],"curies":[{"name":"wp","href":"https:\/\/api.w.org\/{rel}","templated":true}]}}