{"id":524739,"date":"2026-06-05T11:04:18","date_gmt":"2026-06-05T11:04:18","guid":{"rendered":"https:\/\/www.europesays.com\/it\/524739\/"},"modified":"2026-06-05T11:04:18","modified_gmt":"2026-06-05T11:04:18","slug":"bruno-conti-cobolli-a-13-anni-preferi-il-tennis-alla-roma-ora-tifo-per-lui","status":"publish","type":"post","link":"https:\/\/www.europesays.com\/it\/524739\/","title":{"rendered":"Bruno Conti: &#8220;Cobolli a 13 anni prefer\u00ec il tennis alla Roma. Ora tifo per lui&#8221;"},"content":{"rendered":"<p>                                Il campione del Mondo 1982 conosce Flavio da quando era bambino: &#8220;Non dimenticher\u00f2 mai quando ci siamo trovati io e la sua famiglia nel momento della decisione, se continuare col calcio o no&#8221;<\/p>\n<p>            <a class=\"image is-50x50\" href=\"https:\/\/www.gazzetta.it\/redazione\/andrea-pugliese\/\" rel=\"nofollow noopener\" target=\"_blank\"><br \/>\n                <img decoding=\"async\" class=\"is-rounded\" src=\"https:\/\/www.europesays.com\/it\/wp-content\/uploads\/2025\/12\/andrea_pugliese_avatar.png\" alt=\"Andrea Pugliese\"\/><br \/>\n            <\/a><\/p>\n<p>Giornalista<\/p>\n<p>                    5 giugno &#8211; 11:33  &#8211; ROMA<\/p>\n<p class=\"paragraph\" spellcheck=\"true\">Il legame tra Flavio Cobolli e Bruno Conti  \u00e8 sempre stato di quelli profondi, fervidi.  E anche sinceri, fatto di affetto vero, che va oltre qualsiasi interesse. Mercoled\u00ec Marazico ha festeggiato la semifinale di \u201cCobbo\u201d da Nettuno, da casa sua. In attesa poi di vederlo giocare oggi. \u201cCi sar\u00e0 una semifinale tutta italiana in un torneo importante come il Roland Garros e questo gi\u00e0 mi rende felice di per s\u00e9 \u2013 dice lui \u2013. Ma mi perdonerete, io faccio il tifo per Flavio con tutto me stesso\u201d.\u00a0<\/p>\n<p class=\"paragraph\" spellcheck=\"true\"><b>Cobolli lei l\u2019ha conosciuto da piccolo, quando era nel settore giovanile della Roma.\u00a0<\/b><\/p>\n<p class=\"paragraph\" spellcheck=\"true\">\u201cNon dimenticher\u00f2 mai quando ci siamo trovati io e la sua famiglia nel momento della decisione, se continuare con il calcio o insistere solo con il tennis. Decisione ovviamente che hanno preso loro e che mi \u00e8 stata poi comunicata. E che, visti i risultati attuali, \u00e8 stata anche la pi\u00f9 giusta in assoluto\u201d.\u00a0<\/p>\n<p class=\"paragraph\" spellcheck=\"true\"><b>Flavio era bravo anche con la palla tra i piedi.\u00a0<\/b><\/p>\n<p class=\"paragraph\" spellcheck=\"true\">\u201cMolto. Era un giocatore versatile, faceva l\u2019esterno ma anche il centrocampista. Era tecnicamente dotato, puntava l\u2019uomo. Me lo segnal\u00f2 direttamente Zib\u00ec Boniek, con una telefonata del 2015. Quando mi hanno poi comunicato la decisione l\u2019ho accettata con serenit\u00e0 e con il cuore in mano\u201d.\u00a0<\/p>\n<p class=\"paragraph\" spellcheck=\"true\"><b>Vi siete sentiti negli ultimi giorni?\u00a0<\/b><\/p>\n<p class=\"paragraph\" spellcheck=\"true\">\u201cCon Flavietto (lo chiama proprio cos\u00ec, ndr) siamo sempre in contatto. E appena torner\u00e0 da Parigi ci vedremo, spero anche per poter festeggiare qualcosa di importante. Sono contento per lui. E so che lo \u00e8 anche Edoardo, un altro ragazzo a cui sono legatissimo\u201d.\u00a0<\/p>\n<p class=\"paragraph\" spellcheck=\"true\"><b>Si riferisce a Bove, immagino?\u00a0<\/b><\/p>\n<p class=\"paragraph\" spellcheck=\"true\">\u201cCerto. Sapete tutti quanto sono amici lui e Cobolli. Il loro \u00e8 un rapporto bellissimo, di quelli viscerali, profondi\u201d.\u00a0<\/p>\n<p class=\"paragraph\" spellcheck=\"true\"><b>Come finir\u00e0 il Roland Garros di Cobolli?\u00a0<\/b><\/p>\n<p><a class=\"is-partner-link\" href=\"https:\/\/abbonamenti.gazzetta.it\/gplus-roland-garros\/?pwcmp=cta&amp;forceBrowser=true\" rel=\"nofollow noopener\" target=\"_blank\">Segui gli italiani al Roland Garros: abbonati a G+ a soli 0,99\u20ac\/mese<\/a><\/p>\n<p class=\"paragraph\" spellcheck=\"true\">\u201cSpero con tutto il cuore che possa vincere il torneo. Ha ragione Panatta, Flavio ha tutte le caratteristiche per diventare un grande del tennis mondiale\u201d.<\/p>\n<p class=\"is-copyright\">\u00a9 RIPRODUZIONE RISERVATA<\/p>\n","protected":false},"excerpt":{"rendered":"Il campione del Mondo 1982 conosce Flavio da quando era bambino: &#8220;Non dimenticher\u00f2 mai quando ci siamo trovati&hellip;\n","protected":false},"author":3,"featured_media":524740,"comment_status":"","ping_status":"","sticky":false,"template":"","format":"standard","meta":{"footnotes":"","_share_on_mastodon":"0"},"categories":[1457],"tags":[721,20222,1411,1365,289708,6036,1368,289709,289710,5081,289711,289712,1909,289713,289714,18672,7340,3650,48,1537,90,89,32851,14175,245,244,1273],"class_list":["post-524739","post","type-post","status-publish","format-standard","has-post-thumbnail","category-tennis","tag-calcio","tag-cobolli","tag-conti","tag-continuare","tag-continuare-calcio","tag-cuore","tag-decisione","tag-decisione-continuare","tag-decisione-continuare-calcio","tag-dimentichero","tag-dimentichero-trovati","tag-dimentichero-trovati-famiglia","tag-famiglia","tag-famiglia-decisione","tag-famiglia-decisione-continuare","tag-flavio","tag-flavio-cobolli","tag-garros","tag-importante","tag-it","tag-italia","tag-italy","tag-roland","tag-roland-garros","tag-sport","tag-sports","tag-tennis"],"share_on_mastodon":{"url":"https:\/\/pubeurope.com\/@it\/116697174955158020","error":""},"_links":{"self":[{"href":"https:\/\/www.europesays.com\/it\/wp-json\/wp\/v2\/posts\/524739","targetHints":{"allow":["GET"]}}],"collection":[{"href":"https:\/\/www.europesays.com\/it\/wp-json\/wp\/v2\/posts"}],"about":[{"href":"https:\/\/www.europesays.com\/it\/wp-json\/wp\/v2\/types\/post"}],"author":[{"embeddable":true,"href":"https:\/\/www.europesays.com\/it\/wp-json\/wp\/v2\/users\/3"}],"replies":[{"embeddable":true,"href":"https:\/\/www.europesays.com\/it\/wp-json\/wp\/v2\/comments?post=524739"}],"version-history":[{"count":0,"href":"https:\/\/www.europesays.com\/it\/wp-json\/wp\/v2\/posts\/524739\/revisions"}],"wp:featuredmedia":[{"embeddable":true,"href":"https:\/\/www.europesays.com\/it\/wp-json\/wp\/v2\/media\/524740"}],"wp:attachment":[{"href":"https:\/\/www.europesays.com\/it\/wp-json\/wp\/v2\/media?parent=524739"}],"wp:term":[{"taxonomy":"category","embeddable":true,"href":"https:\/\/www.europesays.com\/it\/wp-json\/wp\/v2\/categories?post=524739"},{"taxonomy":"post_tag","embeddable":true,"href":"https:\/\/www.europesays.com\/it\/wp-json\/wp\/v2\/tags?post=524739"}],"curies":[{"name":"wp","href":"https:\/\/api.w.org\/{rel}","templated":true}]}}