{"id":525085,"date":"2026-06-05T16:06:15","date_gmt":"2026-06-05T16:06:15","guid":{"rendered":"https:\/\/www.europesays.com\/it\/525085\/"},"modified":"2026-06-05T16:06:15","modified_gmt":"2026-06-05T16:06:15","slug":"vincenzo-italiano-e-il-nuovo-allenatore-del-besiktas-perche-lex-bologna-ha-lasciato-la-serie-a-scegliendo-la-turchia","status":"publish","type":"post","link":"https:\/\/www.europesays.com\/it\/525085\/","title":{"rendered":"Vincenzo Italiano \u00e8 il nuovo allenatore del Besiktas: perch\u00e9 l&#8217;ex Bologna ha lasciato la Serie A scegliendo la Turchia"},"content":{"rendered":"<p data-testid=\"article-teaser\">Il tecnico \u00e8 sbarcato in Turchia e allener\u00e0 una delle squadre pi\u00f9 importanti del Paese: ma perch\u00e9 nessuno ha pensato di tenerlo in Italia?<\/p>\n<p>Occhiali da sole, maglietta sotto la giacca. Sciarpa esposta una volta atterrato e sbarcato dal jet: Vincenzo Italiano \u00e8 arrivato in Turchia e, se ne stiamo parlando citando questi particolari, \u00e8 perch\u00e9 il Besiktas lo ha praticamente annunciato come suo nuovo allenatore.<\/p>\n<p>Una scelta che ha spiazzato un po&#8217; tutti, considerando che s\u00ec, \u00e8 vero, si era parlato del fatto che dovesse lasciare il Bologna, ma tra le ipotesi sul suo futuro c&#8217;erano, soprattutto, quelle legate alla Serie A.<\/p>\n<p>E invece no: Italiano lascia l&#8217;Italia e prova una nuova esperienza, questa volta all&#8217;estero: in Turchia, sorprendendo tutti.<\/p>\n","protected":false},"excerpt":{"rendered":"Il tecnico \u00e8 sbarcato in Turchia e allener\u00e0 una delle squadre pi\u00f9 importanti del Paese: ma perch\u00e9 nessuno&hellip;\n","protected":false},"author":3,"featured_media":525086,"comment_status":"","ping_status":"","sticky":false,"template":"","format":"standard","meta":{"footnotes":"","_share_on_mastodon":"0"},"categories":[1452],"tags":[7200,721,1740,1537,90,89,1739,245,244,2989,2988],"class_list":["post-525085","post","type-post","status-publish","format-standard","has-post-thumbnail","category-calcio","tag-besiktas","tag-calcio","tag-football","tag-it","tag-italia","tag-italy","tag-soccer","tag-sport","tag-sports","tag-super-lig","tag-superlig"],"share_on_mastodon":{"url":"https:\/\/pubeurope.com\/@it\/116698361940296710","error":""},"_links":{"self":[{"href":"https:\/\/www.europesays.com\/it\/wp-json\/wp\/v2\/posts\/525085","targetHints":{"allow":["GET"]}}],"collection":[{"href":"https:\/\/www.europesays.com\/it\/wp-json\/wp\/v2\/posts"}],"about":[{"href":"https:\/\/www.europesays.com\/it\/wp-json\/wp\/v2\/types\/post"}],"author":[{"embeddable":true,"href":"https:\/\/www.europesays.com\/it\/wp-json\/wp\/v2\/users\/3"}],"replies":[{"embeddable":true,"href":"https:\/\/www.europesays.com\/it\/wp-json\/wp\/v2\/comments?post=525085"}],"version-history":[{"count":0,"href":"https:\/\/www.europesays.com\/it\/wp-json\/wp\/v2\/posts\/525085\/revisions"}],"wp:featuredmedia":[{"embeddable":true,"href":"https:\/\/www.europesays.com\/it\/wp-json\/wp\/v2\/media\/525086"}],"wp:attachment":[{"href":"https:\/\/www.europesays.com\/it\/wp-json\/wp\/v2\/media?parent=525085"}],"wp:term":[{"taxonomy":"category","embeddable":true,"href":"https:\/\/www.europesays.com\/it\/wp-json\/wp\/v2\/categories?post=525085"},{"taxonomy":"post_tag","embeddable":true,"href":"https:\/\/www.europesays.com\/it\/wp-json\/wp\/v2\/tags?post=525085"}],"curies":[{"name":"wp","href":"https:\/\/api.w.org\/{rel}","templated":true}]}}