{"id":525092,"date":"2026-06-05T16:11:25","date_gmt":"2026-06-05T16:11:25","guid":{"rendered":"https:\/\/www.europesays.com\/it\/525092\/"},"modified":"2026-06-05T16:11:25","modified_gmt":"2026-06-05T16:11:25","slug":"katy-perry-e-justin-trudeau-presentazioni-in-famiglia-cosa-sappiamo","status":"publish","type":"post","link":"https:\/\/www.europesays.com\/it\/525092\/","title":{"rendered":"Katy Perry e Justin Trudeau, presentazioni in famiglia cosa sappiamo"},"content":{"rendered":"<p>                                Ci sar\u00e0 l&#8217;ex primo ministro canadese al fianco della popstar al matrimonio palermitano di Dua Lipa e Callum Turner?<\/p>\n<p>                    5 giugno &#8211; 10:12  &#8211; MILANO<\/p>\n<p class=\"paragraph\" spellcheck=\"true\">La storia d&#8217;amore tra <b>Katy Perry<\/b> e <b>Justin Trudeau<\/b> <a href=\"https:\/\/www.gazzetta.it\/gossip\/08-01-2026\/katy-perry-vacanza-con-justin-trudeau-dopo-il-natale-con-orlando-bloom.shtml?intcmp=hyperlink-articolo-gazit\" target=\"_blank\" rel=\"nofollow noopener\">prosegue a gonfie vele<\/a> e nelle ultime ore la coppia, a quasi un anno dal primo incontro, ha deciso di fare un passo importante: <b>le presentazioni dei rispettivi figli<\/b>, in quella che secondo fonti vicine alla coppia \u00e8 stata la prima prova di famiglia allargata.<\/p>\n<p>        Katy Perry e Justin Trudeau, presentazioni in famiglia\u2014 \u00a0<\/p>\n<p class=\"paragraph\" spellcheck=\"true\">La <a href=\"https:\/\/www.gazzetta.it\/gossip\/21-04-2026\/katy-perry-fontana-di-trevi-carta-di-credito-invece-della-monetina.shtml?intcmp=hyperlink-articolo-gazit\" target=\"_blank\" rel=\"nofollow noopener\">popstar<\/a> e l&#8217;<b>ex primo ministro canadese<\/b>, dopo <a href=\"https:\/\/www.gazzetta.it\/gossip\/30-07-2025\/katy-perry-a-cena-con-justin-trudeau-e-nata-una-nuova-coppia.shtml?intcmp=hyperlink-articolo-gazit\" target=\"_blank\" rel=\"nofollow noopener\">quasi un anno d&#8217;amore<\/a>, hanno deciso di portare la loro relazione al livello successivo, presentando la piccola <b>Daisy Dove<\/b>, <a href=\"https:\/\/www.gazzetta.it\/gossip\/10-07-2025\/katy-perry-e-orlando-bloom-prima-vacanza-insieme-dopo-l-addio.shtml?intcmp=hyperlink-articolo-gazit\" target=\"_blank\" rel=\"nofollow noopener\">la figlia di Katy e Orlando Bloom<\/a>, ai tre figli di Trudeau: il 18enne <b>Xavier<\/b>, la 17enne <b>Ella-Grace<\/b> e il piccolo <b>Hadrien<\/b>, 12 anni, nati dal lungo matrimonio tra il politico e Sophie Gr\u00e9goire Trudeau.<\/p>\n<p class=\"paragraph\" spellcheck=\"true\">&#8220;Entrambi ritengono sia importante unire le loro famiglie in modo ponderato e a un ritmo confortevole per tutti&#8221;, ha riferito a US Weekly una fonte vicina alla popstar, secondo la quale negli ultimi mesi <b>la storia d&#8217;amore tra Perry e il 54enne \u00e8 diventata molto pi\u00f9 seria<\/b>. I due, secondo la fonte, si sono incontrati in un momento favorevole per entrambi, ma nessuno si aspettava il colpo di fulmine: &#8220;Justin ha colto Katy di sorpresa, \u00e8 arrivato nella sua vita al momento giusto&#8221;.<\/p>\n<p>        Prove di convivenza per Katy e Justin?\u2014 \u00a0<\/p>\n<p class=\"paragraph\" spellcheck=\"true\">Uno dei nodi da sciogliere riguarda <b>la casa principale in cui la coppia vorr\u00e0 risiedere in futuro<\/b>, visto che nel corso di quest&#8217;anno la relazione tra Perry e Trudeau \u00e8 stata principalmente a distanza. <b>Lui vive a Montreal<\/b>, in una casa da 3 milioni di dollari a pochi passi da quella in cui vivono l&#8217;ex moglie e i tre figli della coppia, mentre<b> la popstar risiede in California<\/b>. Al momento i due sembrano felici cos\u00ec: &#8220;Hanno trovato un ritmo che funziona per entrambi e cercano di vedersi il pi\u00f9 possibile&#8221;. In futuro, per\u00f2, il piano \u00e8 quello di vivere sotto lo stesso tetto, magari <b>dividendosi tra Montreal e Montecito<\/b>.<\/p>\n<p><a class=\"is-partner-link\" href=\"https:\/\/abbonamenti.gazzetta.it\/de-promo-mondiali\/?pwcmp=cta&amp;forceBrowser=true\" rel=\"nofollow noopener\" target=\"_blank\">Gazzetta Mondiale: ogni notte un\u2019edizione straordinaria esclusiva. Non perdertela, abbonati a 1\u20ac\/mese!<\/a><\/p>\n<p>        Viaggio in Italia per il matrimonio di Dua Lipa?\u2014 \u00a0<\/p>\n<p class=\"paragraph\" spellcheck=\"true\">Cresce l&#8217;attesa, intanto, per l&#8217;eventuale partecipazione della coppia al <a href=\"https:\/\/www.gazzetta.it\/spettacolo-tv-gossip\/04-06-2026\/dua-lipa-e-callum-turner-sono-arrivati-a-palermo-per-il-matrimonio.shtml?intcmp=hyperlink-articolo-gazit\" target=\"_blank\" rel=\"nofollow noopener\">matrimonio palermitano di Dua Lipa e Callum Turner<\/a>, tre giorni di festeggiamenti al via oggi, venerd\u00ec 5 giugno. <b>Katy Perry sar\u00e0 sicuramente tra gli invitati<\/b> &#8211; la popstar \u00e8 stata anche scelta da Dua Lipa come artista principale della nuova edizione del Sunny Hill Festival, organizzato annualmente dalla popstar a Pristina, in Kosovo &#8211; ma al momento non \u00e8 chiaro se la 41enne arriver\u00e0 in Italia da sola o <b>se al suo fianco ci sar\u00e0 anche Trudeau<\/b>.<\/p>\n<p class=\"is-above-copyright is-mr-r-10\" spellcheck=\"true\">La Gazzetta dello Sport<\/p>\n<p class=\"is-copyright\">\u00a9 RIPRODUZIONE RISERVATA<\/p>\n","protected":false},"excerpt":{"rendered":"Ci sar\u00e0 l&#8217;ex primo ministro canadese al fianco della popstar al matrimonio palermitano di Dua Lipa e Callum&hellip;\n","protected":false},"author":3,"featured_media":297821,"comment_status":"","ping_status":"","sticky":false,"template":"","format":"standard","meta":{"footnotes":"","_share_on_mastodon":"0"},"categories":[1443],"tags":[87,12557,12558,20221,2235,3059,12549,6651,286524,203,1909,2731,204,1537,90,89,21035,20053,21036,20054,21041,12550,8866,1538,1539,21033,21042,21043,38715,24203,21034],"class_list":["post-525092","post","type-post","status-publish","format-standard","has-post-thumbnail","category-musica","tag-amore","tag-callum","tag-callum-turner","tag-canadese","tag-coppia","tag-deciso","tag-dua","tag-dua-lipa","tag-dua-lipa-callum","tag-entertainment","tag-famiglia","tag-figli","tag-intrattenimento","tag-it","tag-italia","tag-italy","tag-justin","tag-justin-trudeau","tag-katy","tag-katy-perry","tag-katy-perry-justin","tag-lipa","tag-matrimonio","tag-music","tag-musica","tag-perry","tag-perry-justin","tag-perry-justin-trudeau","tag-popstar","tag-presentazioni","tag-trudeau"],"share_on_mastodon":{"url":"https:\/\/pubeurope.com\/@it\/116698381852511679","error":""},"_links":{"self":[{"href":"https:\/\/www.europesays.com\/it\/wp-json\/wp\/v2\/posts\/525092","targetHints":{"allow":["GET"]}}],"collection":[{"href":"https:\/\/www.europesays.com\/it\/wp-json\/wp\/v2\/posts"}],"about":[{"href":"https:\/\/www.europesays.com\/it\/wp-json\/wp\/v2\/types\/post"}],"author":[{"embeddable":true,"href":"https:\/\/www.europesays.com\/it\/wp-json\/wp\/v2\/users\/3"}],"replies":[{"embeddable":true,"href":"https:\/\/www.europesays.com\/it\/wp-json\/wp\/v2\/comments?post=525092"}],"version-history":[{"count":0,"href":"https:\/\/www.europesays.com\/it\/wp-json\/wp\/v2\/posts\/525092\/revisions"}],"wp:featuredmedia":[{"embeddable":true,"href":"https:\/\/www.europesays.com\/it\/wp-json\/wp\/v2\/media\/297821"}],"wp:attachment":[{"href":"https:\/\/www.europesays.com\/it\/wp-json\/wp\/v2\/media?parent=525092"}],"wp:term":[{"taxonomy":"category","embeddable":true,"href":"https:\/\/www.europesays.com\/it\/wp-json\/wp\/v2\/categories?post=525092"},{"taxonomy":"post_tag","embeddable":true,"href":"https:\/\/www.europesays.com\/it\/wp-json\/wp\/v2\/tags?post=525092"}],"curies":[{"name":"wp","href":"https:\/\/api.w.org\/{rel}","templated":true}]}}