{"id":525095,"date":"2026-06-05T16:13:14","date_gmt":"2026-06-05T16:13:14","guid":{"rendered":"https:\/\/www.europesays.com\/it\/525095\/"},"modified":"2026-06-05T16:13:14","modified_gmt":"2026-06-05T16:13:14","slug":"balaton-prove-acosta-rifila-04-a-diggia-bagnaia-rimane-fuori-dalla-q2","status":"publish","type":"post","link":"https:\/\/www.europesays.com\/it\/525095\/","title":{"rendered":"Balaton, Prove: Acosta rifila 0&#8243;4 a Diggia, Bagnaia rimane fuori dalla Q2"},"content":{"rendered":"<p>Se il venerd\u00ec del Gran Premio d&#8217;Ungheria non \u00e8 stato solo un fuoco di paglia,\u00a0<a href=\"https:\/\/it.motorsport.com\/driver\/pedro-acosta\/458181\/\" target=\"_blank\" rel=\"noopener nofollow\">Pedro Acosta<\/a> pu\u00f2 iniziare veramente ad accarezzare il sogno di andare a caccia della sua prima vittoria in MotoGP. Dopo essere gi\u00e0 stato veloce in mattinata, il pilota della KTM ha letteralmente dominato il turno pomeridiano, rifilando dei distacchi pesanti a tutta la concorrenza, a dispetto di un tracciato breve e non particolarmente selettivo.<\/p>\n<p>Lo spagnolo \u00e8 stato il solo capace di infrangere il muro dell&#8217;1&#8217;37&#8221; con il suo 1&#8217;36&#8243;827, che lo avvicina parecchio al record del Balaton Park. Ma non \u00e8 tanto questo ad impressionare, quanto il distacco di ben 413 millesimi che ha rifilato al primo degli inseguitori, che \u00e8 <a href=\"https:\/\/it.motorsport.com\/driver\/fabio-di-giannantonio\/177448\/\" target=\"_blank\" rel=\"noopener nofollow\">Fabio Di Giannantonio<\/a> con la Ducati della Pertamina Enduro VR46.<\/p>\n<p>Si sono messe particolarmente in evidenza le due Aprilia del Trackhouse Racing, che in questa occasione sono state pi\u00f9 veloci di quelle del team ufficiale, con <a href=\"https:\/\/it.motorsport.com\/driver\/raul-fernandez\/443087\/\" target=\"_blank\" rel=\"noopener nofollow\">Raul Fernandez<\/a> che si \u00e8 arrampicato fino alla terza posizione, staccato di poco pi\u00f9 di mezzo secondo. Il suo compagno di box <a href=\"https:\/\/it.motorsport.com\/driver\/ai-ogura\/471464\/\" target=\"_blank\" rel=\"noopener nofollow\">Ai Ogura<\/a> ha invece piazzato al quinto posto la RS-GP gemella in 1&#8217;37&#8243;481.<\/p>\n<p>Tra i due portacolori della squadra statunitense, sulle cui Aprilia ha debuttato il main sponsor SuperFile, si \u00e8 infilato <a href=\"https:\/\/it.motorsport.com\/driver\/fermin-aldeguer\/945238\/\" target=\"_blank\" rel=\"noopener nofollow\">Fermin Aldeguer<\/a>, che \u00e8 stato particolarmente veloce con la Ducati GP25 con i colori del <a href=\"https:\/\/it.motorsport.com\/team\/gresini-moto2\/2362\/\" target=\"_blank\" rel=\"noopener nofollow\">Gresini Racing<\/a>. Piano piano, lo spagnolo sta superando i suoi problemi fisici e si sta riaffacciando nelle posizioni che contano.<\/p>\n<p>Bisogna scendere fino al sesto posto per trovare il leader iridato <a href=\"https:\/\/it.motorsport.com\/driver\/marco-bezzecchi\/177443\/\" target=\"_blank\" rel=\"noopener nofollow\">Marco Bezzecchi<\/a>, la cui Aprilia \u00e8 parsa pi\u00f9 bilanciata rispetto a stamattina. In ogni caso, il riminese si \u00e8 visto rifilare ben 675 millesimi da Acosta. Cos\u00ec come dietro di lui <a href=\"https:\/\/it.motorsport.com\/driver\/marc-marquez\/159980\/\" target=\"_blank\" rel=\"noopener nofollow\">Marc Marquez<\/a> ne paga ben 733 dopo essere stato il pi\u00f9 veloce nella FP1. Nel pomeriggio il ducatista \u00e8 tornato con i piedi per terra, dando la sensazione di riuscire a fare un tempo, ma di non avere ancora troppo passo, molto probabilmente a causa delle sue condizioni fisiche ancora precarie.<\/p>\n<p>Un bravo se lo merita <a href=\"https:\/\/it.motorsport.com\/driver\/diogo-moreira\/945124\/\" target=\"_blank\" rel=\"noopener nofollow\">Diogo Moreira<\/a>, che per la seconda gara di fila ha centrato la Q2, confermandosi anche il migliore tra i piloti Honda. Il rookie brasiliano si \u00e8 infilato in ottava posizione in 1&#8217;37&#8243;708, precedendo di appena 26 millesimi l&#8217;altra Aprilia di <a href=\"https:\/\/it.motorsport.com\/driver\/jorge-martin\/164619\/\" target=\"_blank\" rel=\"noopener nofollow\">Jorge Martin<\/a>.<\/p>\n<p>Alla fine tutti i marchi sono gi\u00e0 rappresentati in Q2, perch\u00e9 in decima posizione troviamo <a href=\"https:\/\/it.motorsport.com\/driver\/jack-miller\/163734\/\" target=\"_blank\" rel=\"noopener nofollow\">Jack Miller<\/a> con la Yamaha del Prima <a href=\"https:\/\/it.motorsport.com\/team\/pramac-racing\/2223\/\" target=\"_blank\" rel=\"noopener nofollow\">Pramac Racing<\/a>. L&#8217;australiano ha avuto la meglio per poco pi\u00f9 di un decimo nei confronti delle altre M1 di <a href=\"https:\/\/it.motorsport.com\/driver\/fabio-quartararo\/164609\/\" target=\"_blank\" rel=\"noopener nofollow\">Fabio Quartararo<\/a> e di un <a href=\"https:\/\/it.motorsport.com\/driver\/toprak-razgatlioglu\/177801\/\" target=\"_blank\" rel=\"noopener nofollow\">Toprak Razgatlioglu<\/a> che comunque si \u00e8 confermato pi\u00f9 brillante del solito su una pista pi\u00f9 &#8220;stop and go&#8221; e che richiede poca scorrevolezza.<\/p>\n<p>Sono ben quattro quindi i piloti italiani che dovranno affrontare la Q1, a partire da <a href=\"https:\/\/it.motorsport.com\/driver\/luca-marini\/314649\/\" target=\"_blank\" rel=\"noopener nofollow\">Luca Marini<\/a>, che con la sua Honda non \u00e8 andato oltre al 13\u00b0 tempo, giusto davanti a Pecco Bagnaia. Il pilota della Ducati ha faticato molto a mettere insieme un giro, finendo spesso lungo in staccata nelle chicane, poi quando finalmente c&#8217;\u00e8 riuscito ha rischiato di cadere alla penultima curva, con un errore che lo ha sicuramente privato di un posto tra i primi deici, visto che lo ha mancato per appena due decimi.<\/p>\n<p>In Q1 c&#8217;\u00e8 anche <a href=\"https:\/\/it.motorsport.com\/driver\/enea-bastianini-2-1445006891\/164612\/\" target=\"_blank\" rel=\"noopener nofollow\">Enea Bastianini<\/a>, che segue Bagnaia in 15\u00b0 posizione con la sua KTM Tech3, ma lo stesso vale anche per <a href=\"https:\/\/it.motorsport.com\/driver\/franco-morbidelli\/314760\/\" target=\"_blank\" rel=\"noopener nofollow\">Franco Morbidelli<\/a>, 20\u00b0 con la Ducati della Pertamina Enduro VR46. Merita di essere sottolineata invece la prestazione di <a href=\"https:\/\/it.motorsport.com\/driver\/iker-lecuona\/442169\/\" target=\"_blank\" rel=\"noopener nofollow\">Iker Lecuona<\/a>, che al debutto sulla Ducati del Gresini Racing, sulla quale sostituisce l&#8217;infortunato <a href=\"https:\/\/it.motorsport.com\/driver\/alex-marquez\/163635\/\" target=\"_blank\" rel=\"noopener nofollow\">Alex Marquez<\/a>, ha chiuso con il 17\u00b0 tempo, in linea con quello di Bagnaia. Anzi, senza una bandiera gialla all&#8217;ultimo giro, lo spagnolo forse sarebbe potuto entrare anche in Q2.\u00a0<\/p>\n<p>La classifica delle Pre-Qualifiche<br \/>\nTutte le statistiche<\/p>\n<p>            Vogliamo la vostra opinione!<\/p>\n<p class=\"mt-auto\">Cosa vorresti vedere su Motorsport.com?<\/p>\n<p>            <a href=\"#\" class=\"ms-link text-link font-bold\">Partecipate al nostro sondaggio di 5 minuti.<\/a><\/p>\n<p class=\"mt-1 text-body\">&#8211; Il team di Motorsport.com<\/p>\n","protected":false},"excerpt":{"rendered":"Se il venerd\u00ec del Gran Premio d&#8217;Ungheria non \u00e8 stato solo un fuoco di paglia,\u00a0Pedro Acosta pu\u00f2 iniziare&hellip;\n","protected":false},"author":3,"featured_media":525096,"comment_status":"","ping_status":"","sticky":false,"template":"","format":"standard","meta":{"footnotes":"","_share_on_mastodon":"0"},"categories":[176],"tags":[289873,23264,2834,16833,2360,1537,90,89,1785,49459,1836,289872,8478,245,244,12828,3578],"class_list":["post-525095","post","type-post","status-publish","format-standard","has-post-thumbnail","category-sport","tag-bagnaia-rimane-fuori-dalla-q2","tag-balaton-park","tag-ducati-team","tag-fabio-di-giannantonio","tag-francesco-bagnaia","tag-it","tag-italia","tag-italy","tag-motogp","tag-motogp-balaton","tag-pedro-acosta","tag-prove-acosta-rifila-04-a-diggia","tag-red-bull-ktm-factory-racing","tag-sport","tag-sports","tag-team-vr46","tag-ungheria"],"share_on_mastodon":{"url":"https:\/\/pubeurope.com\/@it\/116698389359601130","error":""},"_links":{"self":[{"href":"https:\/\/www.europesays.com\/it\/wp-json\/wp\/v2\/posts\/525095","targetHints":{"allow":["GET"]}}],"collection":[{"href":"https:\/\/www.europesays.com\/it\/wp-json\/wp\/v2\/posts"}],"about":[{"href":"https:\/\/www.europesays.com\/it\/wp-json\/wp\/v2\/types\/post"}],"author":[{"embeddable":true,"href":"https:\/\/www.europesays.com\/it\/wp-json\/wp\/v2\/users\/3"}],"replies":[{"embeddable":true,"href":"https:\/\/www.europesays.com\/it\/wp-json\/wp\/v2\/comments?post=525095"}],"version-history":[{"count":0,"href":"https:\/\/www.europesays.com\/it\/wp-json\/wp\/v2\/posts\/525095\/revisions"}],"wp:featuredmedia":[{"embeddable":true,"href":"https:\/\/www.europesays.com\/it\/wp-json\/wp\/v2\/media\/525096"}],"wp:attachment":[{"href":"https:\/\/www.europesays.com\/it\/wp-json\/wp\/v2\/media?parent=525095"}],"wp:term":[{"taxonomy":"category","embeddable":true,"href":"https:\/\/www.europesays.com\/it\/wp-json\/wp\/v2\/categories?post=525095"},{"taxonomy":"post_tag","embeddable":true,"href":"https:\/\/www.europesays.com\/it\/wp-json\/wp\/v2\/tags?post=525095"}],"curies":[{"name":"wp","href":"https:\/\/api.w.org\/{rel}","templated":true}]}}