{"id":525424,"date":"2026-06-05T20:37:14","date_gmt":"2026-06-05T20:37:14","guid":{"rendered":"https:\/\/www.europesays.com\/it\/525424\/"},"modified":"2026-06-05T20:37:14","modified_gmt":"2026-06-05T20:37:14","slug":"il-matrimonio-di-dua-lipa-e-callum-turner-a-palermo-la-citta-blindata-la-visita-alla-gam-e-poi-il-cocktail-con-gli-invitati","status":"publish","type":"post","link":"https:\/\/www.europesays.com\/it\/525424\/","title":{"rendered":"Il matrimonio di Dua Lipa e Callum Turner a Palermo: la citt\u00e0 blindata, la visita alla Gam e poi il cocktail con gli invitati"},"content":{"rendered":"<p>    di<br \/>\n    Alice Scaglioni<\/p>\n<p class=\"summary-art is-line-h-12\">Venerd\u00ec 5 giugno il primo giorno del weekend di festeggiamenti per i neosposi, che si sono detti S\u00ec a Londra pochi giorni fa. La festa vera e propria sar\u00e0 sabato, a Villa Valguarnera a Bagheria, che ha fatto da set cinematografico per la serie Netflix \u00abIl Gattopardo\u00bb<\/p>\n<p class=\"chapter-paragraph\">DALLA NOSTRA INVIATA<br \/>PALERMO &#8211; Un abito bianco a sirena con frange e borsa abbinata per lei, un completo beige con camicia bianca per lui. Dua Lipa e Callum Turner hanno dato il via ai festeggiamenti per il weekend del loro matrimonio nel centro storico di Palermo, con una visita alla Galleria d&#8217;Arte Moderna e una<b> festa in Piazza Croce dei Vespri<\/b>, per l&#8217;occasione blindatissima gi\u00e0 dal pomeriggio. Anche la piazza \u00e8 allestita, quasi come un set cinematografico: hanno messo alcune auto d&#8217;epoca e un banchetto con la frutta. Sorrisi e abbracci con gli ospiti gi\u00e0 arrivati in citt\u00e0 -non tutti, Elton John pare sia atteso solo domani per l&#8217;evento principale a Villa Valguarnera a Bagheria -: la popstar Charli Xcx (con un miniabito nero da cocktail) e il marito George Daniel; il produttore e dj Mark Ronson; la dj Peggy Gou; le famiglie dei due sposi. Musica a palla (si riconosce una canzona di Kylie Minogue), segno che i festeggiamenti sono solo all&#8217;inizio.<\/p>\n<p class=\"chapter-paragraph\">La zona \u00e8, come dicevamo, blindatissima da gran parte della giornata. \u00abSign\u00f2, <b>non possiamo parlare<\/b>, siamo qui per lavorare e non possiamo dire niente\u00bb, ci ha detto uno dei lavoratori che abbiamo incrociato mentre entravano nel perimetro della festa. Tutti vestiti con camicia bianca e pantaloni neri, hanno risposto uno ad uno all\u2019appello, consegnando il telefono prima di entrare (immaginiamo perch\u00e9 venisse oscurata la fotocamera, sul tavolo c&#8217;era una scatola con degli adesivi neri che sembrano proprio quelli che si applicano sulle fotocamere degli smartphone) prima di ricevere il braccialetto che contraddistingue chi \u00e8 nell&#8217;organizzazione dell&#8217;evento e pu\u00f2 accedere. Sono alcuni dei pochissimi che hanno visto con i loro occhi il cocktail di benvenuto per le <b>nozze di Dua Lipa e Callum Turner<\/b> a Palazzo Gangi. Venerd\u00ec 5 giugno \u00e8 stato il <b>primo giorno del weekend di festeggiamenti dei due neosposi<\/b>, che si sono detti S\u00ec a Londra, con una cerimonia insieme a pochi intimi. La festa vera e propria sar\u00e0 sabato, a Villa Valguarnera a Bagheria, che ha fatto da set cinematografico per la serie Netflix Il Gattopardo.    &#13;<br \/>\n&#13;<br \/>\n&#13;<br \/>\n&#13;<br \/>\n&#13;<br \/>\n&#13;<br \/>\n&#13;<br \/>\n&#13;<br \/>\n&#13;<br \/>\n&#13;<br \/>\n&#13;<br \/>\n&#13;<br \/>\n&#13;<br \/>\n&#13;<br \/>\n&#13;<br \/>\n&#13;<br \/>\n&#13;<br \/>\n&#13;<br \/>\n&#13;<br \/>\n&#13;<br \/>\n&#13;<br \/>\n&#13;<br \/>\n&#13;<br \/>\n&#13;<br \/>\n&#13;<br \/>\n&#13;<br \/>\n&#13;<br \/>\n&#13;<br \/>\n&#13;<br \/>\n&#13;<br \/>\n&#13;<br \/>\n&#13;<br \/>\n&#13;<br \/>\n&#13;<br \/>\n&#13;<br \/>\n&#13;<br \/>\n&#13;<br \/>\n&#13;<br \/>\n&#13;<br \/>\n&#13;<br \/>\n&#13;<br \/>\n&#13;<br \/>\n&#13;<br \/>\n&#13;<br \/>\n&#13;<br \/>\n&#13;<br \/>\n&#13;<br \/>\n&#13;<br \/>\n&#13;<br \/>\n&#13;<br \/>\n&#13;<br \/>\n&#13;<br \/>\n&#13;\n<\/p>\n<p class=\"chapter-paragraph\">I primi ospiti alla <b>Galleria D\u2019Arte Moderna<\/b> &#8211; ne sono attesi 300 in citt\u00e0 per i festeggiamenti &#8211; sono arrivati poco prima delle 18, a bordo di grandi van neri con i vetri oscurati. Un\u2019ora prima la via era stata fatta sgomberare totalmente, dai (pochi) fan in attesa da alcune ore e dai giornalisti, operatori e fotografi riuniti per raccogliere informazioni sull\u2019evento top secret. Il programma della serata prevedeva una visita alle bellezze della Galleria e poi un cocktail di benvenuto a Palazzo Gangi. Per questo il perimetro della Gam e di Palazzo Gangi (via Aragona, via Lattarini, via Sant&#8217;Anna, via dei Corrieri e vicolo Valguarnera) era stato completamente recintato. In alcune zone sono stati messi gi\u00e0 dal primo pomeriggio teli neri per oscurare la vista. C\u2019era un unico spazio di osservazione aperto a fan e curiosi, in piazza Sant&#8217;Anna, ma \u00e8 stato chiuso poco intorno alle 17 per consentire il passaggio in macchina degli invitati.\u00a0<\/p>\n<p class=\"chapter-paragraph\">\u00ab<b>Io non conosco Dua Lipa, spero di vedere Elton John<\/b>\u00bb, dice un ragazzo che \u00e8 arrivato dai dintorni della citt\u00e0. \u00abCerto, vorrei vedere la sposa, ma siamo qui per il contorno\u00bb, dice una sua amica. \u00abSiamo qui dalle 14, rimaniamo al massimo fino alle 20 poi ce ne andiamo a fare apericena &#8211; conclude -. Ovviamente Dua Lipa \u00e8 invitata se vuole passare dopo per un drink!\u00bb. Non abbiamo incontrato tanti contrari a questo evento, tra le persone che si sono radunate dal primo pomeriggio nei dintorni di Palazzo Gangi nella speranza di scorgere qualche star arrivata in citt\u00e0. \u00abLa cosa che mi fa piacere &#8211; aggiunge una ragazza arroccata sul bordo del marciapiede dietro allo schieramento di poliziotti che sorvegliano il traffico &#8211; \u00e8 che io non frequentavo questa zona da pi\u00f9 di dieci anni per questioni di sicurezza, ma salendo a piedi mi sono sentita rassicurata di potermi fare una passeggiata e di riappropriarmi della mia citt\u00e0\u00bb. \u00abIl lato dolce amaro \u00e8 che con quello che \u00e8 successo a Palermo negli ultimi anni (le sparatorie, i ferimenti in zona che sono diventati quasi una consuetudine ndr), dovrebbe esserci questo schieramento nella vita di tutti i giorni per garantire la sicurezza dei cittadini &#8211; aggiunge un\u2019altra ragazza in attesa -, ma non c\u2019\u00e8. Non appena si spegneranno i riflettori torner\u00e0 tutto come prima\u00bb.<\/p>\n<p class=\"chapter-paragraph\">Eppure qualcuno poco felice di questo weekend di celebrazioni c\u2019\u00e8 in citt\u00e0: nella notte fra gioved\u00ec e venerd\u00ec sono apparsi nei dintorni della Galleria e di Palazzo Gangi dei volantini di protesta: \u00abLa citt\u00e0 non \u00e8 in affitto, questa piazza non \u00e8 il tuo salotto\u00bb, si leggeva sui fogli attaccati ai muri, prima che venissero strappati. Un gesto a cui il sindaco <b>Roberto Lagalla<\/b> ha risposto cos\u00ec, parlando con il Corriere: \u00abComprendo le preoccupazioni di chi teme limitazioni temporanee o disagi legati all\u2019organizzazione di eventi particolarmente rilevanti. Credo per\u00f2 che sia importante guardare il quadro complessivo. <b>Palermo non viene \u201cceduta\u201d a nessuno<\/b>: resta una citt\u00e0 viva, aperta e pienamente protagonista delle proprie scelte. Eventi di questo tipo hanno una durata limitata e vengono gestiti nel rispetto delle regole e delle esigenze di sicurezza\u00bb.<\/p>\n<p class=\"is-last-update\" datetime=\"2026-06-05T21:47:20+02:00\">5 giugno 2026 ( modifica il 5 giugno 2026 | 21:47)<\/p>\n<p class=\"is-copyright\">\n            \u00a9 RIPRODUZIONE RISERVATA\n        <\/p>\n","protected":false},"excerpt":{"rendered":"di Alice Scaglioni Venerd\u00ec 5 giugno il primo giorno del weekend di festeggiamenti per i neosposi, che si&hellip;\n","protected":false},"author":3,"featured_media":525425,"comment_status":"","ping_status":"","sticky":false,"template":"","format":"standard","meta":{"footnotes":"","_share_on_mastodon":"0"},"categories":[1451],"tags":[1237,3960,6050,2540,1615,11183,25055,289982,289983,7197,842,289984,8650,12557,12558,31362,105588,1621,1620,63447,289985,289986,26001,198786,21932,289987,289988,85722,12549,6651,286524,203,451,2217,66804,11160,197704,204,1537,90,89,12550,286525,286526,8946,330,289977,6652,5543,2466,427,3645,268308,863,12553,289978,289979,8434,2937,289980,289981,4468,106,549],"class_list":["post-525424","post","type-post","status-publish","format-standard","has-post-thumbnail","category-celebrita","tag-aggiunge","tag-alcune","tag-anna","tag-arrivati","tag-arte","tag-arte-moderna","tag-bagheria","tag-bagheria-set","tag-bagheria-set-cinematografico","tag-benvenuto","tag-bianca","tag-blindatissima","tag-bordo","tag-callum","tag-callum-turner","tag-camicia","tag-camicia-bianca","tag-celebrita","tag-celebrities","tag-cinematografico","tag-cinematografico-serie","tag-cinematografico-serie-netflix","tag-cocktail","tag-cocktail-benvenuto","tag-detti","tag-detti-si","tag-detti-si-londra","tag-dintorni","tag-dua","tag-dua-lipa","tag-dua-lipa-callum","tag-entertainment","tag-evento","tag-festa","tag-festeggiamenti","tag-galleria","tag-gangi","tag-intrattenimento","tag-it","tag-italia","tag-italy","tag-lipa","tag-lipa-callum","tag-lipa-callum-turner","tag-neri","tag-palazzo","tag-palazzo-gangi","tag-palermo","tag-piazza","tag-pochi","tag-pomeriggio","tag-set","tag-set-cinematografico","tag-sicurezza","tag-turner","tag-valguarnera","tag-valguarnera-bagheria","tag-venerdi","tag-villa","tag-villa-valguarnera","tag-villa-valguarnera-bagheria","tag-visita","tag-weekend","tag-zona"],"share_on_mastodon":{"url":"","error":"Validation failed: Text character limit of 500 exceeded"},"_links":{"self":[{"href":"https:\/\/www.europesays.com\/it\/wp-json\/wp\/v2\/posts\/525424","targetHints":{"allow":["GET"]}}],"collection":[{"href":"https:\/\/www.europesays.com\/it\/wp-json\/wp\/v2\/posts"}],"about":[{"href":"https:\/\/www.europesays.com\/it\/wp-json\/wp\/v2\/types\/post"}],"author":[{"embeddable":true,"href":"https:\/\/www.europesays.com\/it\/wp-json\/wp\/v2\/users\/3"}],"replies":[{"embeddable":true,"href":"https:\/\/www.europesays.com\/it\/wp-json\/wp\/v2\/comments?post=525424"}],"version-history":[{"count":0,"href":"https:\/\/www.europesays.com\/it\/wp-json\/wp\/v2\/posts\/525424\/revisions"}],"wp:featuredmedia":[{"embeddable":true,"href":"https:\/\/www.europesays.com\/it\/wp-json\/wp\/v2\/media\/525425"}],"wp:attachment":[{"href":"https:\/\/www.europesays.com\/it\/wp-json\/wp\/v2\/media?parent=525424"}],"wp:term":[{"taxonomy":"category","embeddable":true,"href":"https:\/\/www.europesays.com\/it\/wp-json\/wp\/v2\/categories?post=525424"},{"taxonomy":"post_tag","embeddable":true,"href":"https:\/\/www.europesays.com\/it\/wp-json\/wp\/v2\/tags?post=525424"}],"curies":[{"name":"wp","href":"https:\/\/api.w.org\/{rel}","templated":true}]}}