{"id":525478,"date":"2026-06-05T21:17:20","date_gmt":"2026-06-05T21:17:20","guid":{"rendered":"https:\/\/www.europesays.com\/it\/525478\/"},"modified":"2026-06-05T21:17:20","modified_gmt":"2026-06-05T21:17:20","slug":"tromba-daria-a-roma-gualtieri-presenteremo-richiesta-di-calamita-sky-tg24","status":"publish","type":"post","link":"https:\/\/www.europesays.com\/it\/525478\/","title":{"rendered":"Tromba d&#8217;aria a Roma, Gualtieri: \u201cpresenteremo richiesta di calamit\u00e0&#8217;| Sky TG24"},"content":{"rendered":"<p>Sopralluogo del sindaco della Capitale nelle zone danneggiate dal maltempo mercoled\u00ec scorso.\u00a0Secondo il primo cittadino si \u00e8 trattato di un evento estremo che &#8220;gli esperti lo classificano come un tornado con una frequenza di ritorno di circa 50 anni&#8221;<\/p>\n<p>&#8220;Presenteremo alla Regione la richiesta di calamit\u00e0 naturale non appena avremo raccolto tutti i dati, entro i termini previsti. \u00c8 importante perch\u00e9 consente di attivare risorse pubbliche per ristorare i cittadini e le attivit\u00e0 che hanno subito danni\u201d. Lo ha detto il sindaco di Roma Roberto Gualtieri al termine di un sopralluogo nelle aree del quadrante nord-est della Capitale colpite dalla tromba d&#8217;aria di mercoled\u00ec scorso.<\/p>\n<p>\t\t \tIl sindaco nelle zone colpite: &#8220;La stima dei danni richiede tempo\u201d<\/p>\n<p>Gualtieri si \u00e8 recato in via Prati Fiscali, nei pressi del distributore di carburante danneggiato dalla caduta di un albero, accompagnato dal presidente del Municipio III Paolo Emilio Marchionne, per poi proseguire la visita nelle strade limitrofe. Il sindaco ha incontrato operatori della Protezione civile, vigili del fuoco e volontari impegnati nelle operazioni di ripristino e ha visionato le immagini realizzate dai droni sull&#8217;area interessata dal fenomeno. Secondo il sindaco, &#8220;si \u00e8 trattato di un evento estremo . Gli esperti lo classificano come un tornado con una frequenza di ritorno di circa 50 anni\u201d.<\/p>\n<p>\t\t\t<a class=\"c-inline-card j-inline-card c-inline-card--with-image\" href=\"https:\/\/tg24.sky.it\/cronaca\/video\/2026\/06\/03\/roma-tromba-daria-a-nord-est-devasta-strade-e-mercato-1102787\" rel=\"follow nofollow noopener\" data-intcmp=\"skytg24_articolo_approfondimenti_inline\" target=\"_blank\"><\/p>\n<p>\t\t\t         <img decoding=\"async\" crossorigin=\"anonymous\" alt=\"\" src=\"https:\/\/www.europesays.com\/it\/wp-content\/uploads\/2026\/06\/1102787_1780506530134_thumb_494.0000001_1780506756007.jpg\"  loading=\"lazy\"  bad-src=\"https:\/\/www.europesays.com\/it\/wp-content\/uploads\/2026\/06\/1102787_1780506530134_thumb_494.0000001_1780506756007.jpg\"\/><\/p>\n<p>\n\t\t\t         Approfondimento<br \/>\n\t\t\t         Roma, tromba d&#8217;aria a nord est devasta strade e mercato\n\t\t\t      <\/p>\n<p>\t\t\t<\/a><\/p>\n<p>\t\t\tLa quantificazione dei danni \u00e8 ancora in corso<\/p>\n<p>\u00a0Sul fronte economico, Gualtieri ha spiegato che la quantificazione dei danni \u00e8 ancora in corso. &#8220;La stima richiede tempo. Stiamo effettuando una ricognizione capillare, condominio per condominio ed esercizio commerciale per esercizio commerciale, per raccogliere dichiarazioni ed evidenze dei danni subiti&#8221;, ha precisato.\u00a0\u00a0Il sindaco ha ricordato che sono gi\u00e0 stati censiti &#8220;40 alberi di Roma Capitale travolti o abbattuti dal tornado&#8221;, mentre \u00e8 ancora in corso la verifica degli alberi appartenenti a propriet\u00e0 private e dei danni riportati da abitazioni, balconi, attivit\u00e0 commerciali e strutture private.<\/p>\n<p>\t            TAG:<\/p>\n","protected":false},"excerpt":{"rendered":"Sopralluogo del sindaco della Capitale nelle zone danneggiate dal maltempo mercoled\u00ec scorso.\u00a0Secondo il primo cittadino si \u00e8 trattato&hellip;\n","protected":false},"author":3,"featured_media":525479,"comment_status":"","ping_status":"","sticky":false,"template":"","format":"standard","meta":{"footnotes":"","_share_on_mastodon":"0"},"categories":[6],"tags":[14,8,1537,90,89,7,15,82,9,83,10,13,43444,11,80,84,12,81,85],"class_list":["post-525478","post","type-post","status-publish","format-standard","has-post-thumbnail","category-ultime-notizie","tag-cronaca","tag-headlines","tag-it","tag-italia","tag-italy","tag-news","tag-notizie","tag-notizie-di-cronaca","tag-notizie-principali","tag-notiziedicronaca","tag-notizieprincipali","tag-titoli","tag-tromba-d","tag-ultime-notizie","tag-ultime-notizie-di-cronaca","tag-ultime-notizie-e-news-di-oggi","tag-ultimenotizie","tag-ultimenotiziedicronaca","tag-ultimenotizieenewsdioggi"],"share_on_mastodon":{"url":"https:\/\/pubeurope.com\/@it\/116699585235447485","error":""},"_links":{"self":[{"href":"https:\/\/www.europesays.com\/it\/wp-json\/wp\/v2\/posts\/525478","targetHints":{"allow":["GET"]}}],"collection":[{"href":"https:\/\/www.europesays.com\/it\/wp-json\/wp\/v2\/posts"}],"about":[{"href":"https:\/\/www.europesays.com\/it\/wp-json\/wp\/v2\/types\/post"}],"author":[{"embeddable":true,"href":"https:\/\/www.europesays.com\/it\/wp-json\/wp\/v2\/users\/3"}],"replies":[{"embeddable":true,"href":"https:\/\/www.europesays.com\/it\/wp-json\/wp\/v2\/comments?post=525478"}],"version-history":[{"count":0,"href":"https:\/\/www.europesays.com\/it\/wp-json\/wp\/v2\/posts\/525478\/revisions"}],"wp:featuredmedia":[{"embeddable":true,"href":"https:\/\/www.europesays.com\/it\/wp-json\/wp\/v2\/media\/525479"}],"wp:attachment":[{"href":"https:\/\/www.europesays.com\/it\/wp-json\/wp\/v2\/media?parent=525478"}],"wp:term":[{"taxonomy":"category","embeddable":true,"href":"https:\/\/www.europesays.com\/it\/wp-json\/wp\/v2\/categories?post=525478"},{"taxonomy":"post_tag","embeddable":true,"href":"https:\/\/www.europesays.com\/it\/wp-json\/wp\/v2\/tags?post=525478"}],"curies":[{"name":"wp","href":"https:\/\/api.w.org\/{rel}","templated":true}]}}