{"id":525615,"date":"2026-06-05T23:26:13","date_gmt":"2026-06-05T23:26:13","guid":{"rendered":"https:\/\/www.europesays.com\/it\/525615\/"},"modified":"2026-06-05T23:26:13","modified_gmt":"2026-06-05T23:26:13","slug":"addio-a-massimo-jack-manara-il-dottore-dei-grandi-campioni-aveva-63-anni","status":"publish","type":"post","link":"https:\/\/www.europesays.com\/it\/525615\/","title":{"rendered":"Addio a Massimo &#8220;Jack&#8221; Manara, il dottore dei grandi campioni: aveva 63 anni"},"content":{"rendered":"<p>Lutto nel mondo del calcio e del <strong>Parma<\/strong>. E\u2019 scomparsa all\u2019et\u00e0 di <strong>63 anni<\/strong> <strong>Massimo Manara<\/strong>, <strong>storico medico sociale<\/strong> del club crociato <strong>dal 1991 al 2008<\/strong>.<\/p>\n<p>Dopo il diploma al <strong>Liceo Classico Maria Luigia<\/strong>, si era laureato in <strong>Medicina e Chirurgia<\/strong> all&#8217;<strong>Universit\u00e0 degli Studi di Milano<\/strong> per poi specializzarsi in <strong>Medicina dello Sport a Bologna<\/strong>.<\/p>\n<p>All\u2019inizio dell\u2019<strong>era Tanzi<\/strong> l\u2019approdo al <strong>Parma<\/strong> al fianco di <strong>Luca Montagna, Claudio Bozzetti<\/strong> e uno staff preparatissimo di massaggiatori. Manara, per tutti <strong>Jack<\/strong>, ha \u201ccurato\u201d tutti i grandi campioni crociati conquistando tutti i pi\u00f9 importanti trofei, dalla <strong>coppa di Wembley<\/strong> alla <strong>terza coppa Italia del 2002<\/strong>.<\/p>\n<p>Poi un prestigioso incarico al <strong>Milan<\/strong>, <strong>dal 2008 al 2011<\/strong>. Quindi l&#8217;esperienza in <strong>Qatar<\/strong> e negli <strong>Emirati Arabi Uniti<\/strong> sia come medico delle nazionali che delle squadre maggiori dell\u2019<strong>Aspetar di Doha<\/strong> e dell\u2019<strong>Al Nasr<\/strong>.<\/p>\n<p>Nel <strong>2018<\/strong> il ritorno in Italia nella <strong>Roma<\/strong>, di <strong>Mourinho<\/strong> prima e di <strong>De Rossi<\/strong> poi, e poi la <strong>Sampdoria<\/strong>, di cui era ancora il responsabile dello staff medico.<\/p>\n<p>Alla moglie <strong>Tatiana<\/strong> e al figlio <strong>Federico<\/strong> le condoglianze di tutto il mondo crociato.<\/p>\n<p><strong>La nota di cordoglio del Parma<br \/><\/strong>&#8220;Il Parma Calcio esprime il pi\u00f9 profondo cordoglio per la scomparsa del dottor Massimo Manara, uomo di grande spessore umano e professionista stimato. <br \/>Specializzatosi in Medicina dello sport all\u2019Universit\u00e0 di Bologna nel 1996, il dottor Manara arriv\u00f2 al Parma nei primi anni Novanta come medico sociale e, dalla met\u00e0 degli anni Novanta fino alla stagione 2007\/2008, ricopr\u00ec il ruolo di Responsabile sanitario del Club, contribuendo con competenza, dedizione e grande professionalit\u00e0 alla vita della societ\u00e0.<br \/>Alla famiglia, ai suoi cari e a tutti coloro che hanno avuto il privilegio di conoscerlo vanno le pi\u00f9 sentite condoglianze da parte di tutto il Parma Calcio&#8221;.<\/p>\n<p role=\"heading\" aria-level=\"2\" class=\"text \">\u00a9 Riproduzione riservata<\/p>\n","protected":false},"excerpt":{"rendered":"Lutto nel mondo del calcio e del Parma. E\u2019 scomparsa all\u2019et\u00e0 di 63 anni Massimo Manara, storico medico&hellip;\n","protected":false},"author":3,"featured_media":525616,"comment_status":"","ping_status":"","sticky":false,"template":"","format":"standard","meta":{"footnotes":"","_share_on_mastodon":"0"},"categories":[176],"tags":[1537,90,89,290069,63082,245,244],"class_list":["post-525615","post","type-post","status-publish","format-standard","has-post-thumbnail","category-sport","tag-it","tag-italia","tag-italy","tag-massimo-manara","tag-parma-calcio","tag-sport","tag-sports"],"share_on_mastodon":{"url":"https:\/\/pubeurope.com\/@it\/116700092062074924","error":""},"_links":{"self":[{"href":"https:\/\/www.europesays.com\/it\/wp-json\/wp\/v2\/posts\/525615","targetHints":{"allow":["GET"]}}],"collection":[{"href":"https:\/\/www.europesays.com\/it\/wp-json\/wp\/v2\/posts"}],"about":[{"href":"https:\/\/www.europesays.com\/it\/wp-json\/wp\/v2\/types\/post"}],"author":[{"embeddable":true,"href":"https:\/\/www.europesays.com\/it\/wp-json\/wp\/v2\/users\/3"}],"replies":[{"embeddable":true,"href":"https:\/\/www.europesays.com\/it\/wp-json\/wp\/v2\/comments?post=525615"}],"version-history":[{"count":0,"href":"https:\/\/www.europesays.com\/it\/wp-json\/wp\/v2\/posts\/525615\/revisions"}],"wp:featuredmedia":[{"embeddable":true,"href":"https:\/\/www.europesays.com\/it\/wp-json\/wp\/v2\/media\/525616"}],"wp:attachment":[{"href":"https:\/\/www.europesays.com\/it\/wp-json\/wp\/v2\/media?parent=525615"}],"wp:term":[{"taxonomy":"category","embeddable":true,"href":"https:\/\/www.europesays.com\/it\/wp-json\/wp\/v2\/categories?post=525615"},{"taxonomy":"post_tag","embeddable":true,"href":"https:\/\/www.europesays.com\/it\/wp-json\/wp\/v2\/tags?post=525615"}],"curies":[{"name":"wp","href":"https:\/\/api.w.org\/{rel}","templated":true}]}}