{"id":525774,"date":"2026-06-06T02:03:13","date_gmt":"2026-06-06T02:03:13","guid":{"rendered":"https:\/\/www.europesays.com\/it\/525774\/"},"modified":"2026-06-06T02:03:13","modified_gmt":"2026-06-06T02:03:13","slug":"addio-a-attilio-ghirlanda-larchitetto-che-fece-crescere-carrara","status":"publish","type":"post","link":"https:\/\/www.europesays.com\/it\/525774\/","title":{"rendered":"Addio a Attilio Ghirlanda, l\u2019architetto che fece crescere Carrara"},"content":{"rendered":"<p>Carrara, 6 giugno 2026 \u2013\u00a0Si \u00e8 spento a 80 anni l\u2019architetto <strong>Attilio Ghirlanda<\/strong>, figura conosciuta e stimata in citt\u00e0. Nato il 10 febbraio 1946, Ghirlanda ha dedicato gran parte della sua vita alla citt\u00e0, lasciando un segno tangibile nel tessuto urbano e culturale. Architetto, docente e uomo delle istituzioni, \u00e8 stato protagonista di numerosi interventi che hanno contribuito a definire alcuni degli spazi pubblici pi\u00f9 significativi della citt\u00e0. Il suo nome \u00e8 legato alla realizzazione di piazza San Francesco, di piazza Gino Menconi a Marina e della chiesa della Sacra Famiglia, opere che ancora oggi rappresentano importanti punti di riferimento. Profondamente legato alla tradizione artistica e culturale del territorio, Ghirlanda ha collaborato per molti anni con la scuola del Marmo, contribuendo alla formazione di generazioni di studenti. Parallelamente ha insegnato in diversi istituti locali, trasmettendo competenze professionali e passione. Accanto all\u2019attivit\u00e0 professionale e didattica, ha ricoperto incarichi di rilievo anche nel mondo delle istituzioni culturali. Tra questi, la presidenza dell\u2019Accademia. Durante il suo mandato si trov\u00f2 a operare in anni complessi per il Paese, segnati dalle tensioni sociali e politiche del terrorismo, affrontando il ruolo con equilibrio e senso di responsabilit\u00e0. Chi lo ha conosciuto ne ricorda il carattere determinato, la forte personalit\u00e0 e la capacit\u00e0 di perseguire con convinzione gli obiettivi che riteneva importanti per la citt\u00e0.  <\/p>\n<p><strong>Con la scomparsa<\/strong> di Attilio Ghirlanda, Carrara perde uno dei protagonisti di una stagione significativa della propria storia recente urbanistica e sociale. Lascia la moglie Carla Cordiviola e il figlio Luca. I funerali si terranno stamani alle 10 nella chiesa dela Sacra Famiglia. <\/p>\n","protected":false},"excerpt":{"rendered":"Carrara, 6 giugno 2026 \u2013\u00a0Si \u00e8 spento a 80 anni l\u2019architetto Attilio Ghirlanda, figura conosciuta e stimata in&hellip;\n","protected":false},"author":3,"featured_media":525775,"comment_status":"","ping_status":"","sticky":false,"template":"","format":"standard","meta":{"footnotes":"","_share_on_mastodon":"0"},"categories":[1446],"tags":[2983,1361,1615,1613,1614,1611,1610,119420,27940,3081,1612,203,125842,286273,204,1537,90,89],"class_list":["post-525774","post","type-post","status-publish","format-standard","has-post-thumbnail","category-arte-e-design","tag-addio","tag-architetto","tag-arte","tag-arte-e-design","tag-arteedesign","tag-arts","tag-arts-and-design","tag-attilio","tag-carrara","tag-crescere","tag-design","tag-entertainment","tag-fece","tag-ghirlanda","tag-intrattenimento","tag-it","tag-italia","tag-italy"],"share_on_mastodon":{"url":"https:\/\/pubeurope.com\/@it\/116700709028793025","error":""},"_links":{"self":[{"href":"https:\/\/www.europesays.com\/it\/wp-json\/wp\/v2\/posts\/525774","targetHints":{"allow":["GET"]}}],"collection":[{"href":"https:\/\/www.europesays.com\/it\/wp-json\/wp\/v2\/posts"}],"about":[{"href":"https:\/\/www.europesays.com\/it\/wp-json\/wp\/v2\/types\/post"}],"author":[{"embeddable":true,"href":"https:\/\/www.europesays.com\/it\/wp-json\/wp\/v2\/users\/3"}],"replies":[{"embeddable":true,"href":"https:\/\/www.europesays.com\/it\/wp-json\/wp\/v2\/comments?post=525774"}],"version-history":[{"count":0,"href":"https:\/\/www.europesays.com\/it\/wp-json\/wp\/v2\/posts\/525774\/revisions"}],"wp:featuredmedia":[{"embeddable":true,"href":"https:\/\/www.europesays.com\/it\/wp-json\/wp\/v2\/media\/525775"}],"wp:attachment":[{"href":"https:\/\/www.europesays.com\/it\/wp-json\/wp\/v2\/media?parent=525774"}],"wp:term":[{"taxonomy":"category","embeddable":true,"href":"https:\/\/www.europesays.com\/it\/wp-json\/wp\/v2\/categories?post=525774"},{"taxonomy":"post_tag","embeddable":true,"href":"https:\/\/www.europesays.com\/it\/wp-json\/wp\/v2\/tags?post=525774"}],"curies":[{"name":"wp","href":"https:\/\/api.w.org\/{rel}","templated":true}]}}