{"id":525845,"date":"2026-06-06T03:29:20","date_gmt":"2026-06-06T03:29:20","guid":{"rendered":"https:\/\/www.europesays.com\/it\/525845\/"},"modified":"2026-06-06T03:29:20","modified_gmt":"2026-06-06T03:29:20","slug":"tuttosport-vlahovic-spaccone-parte-dello-spogliatoio-non-vedeva-lora-che-lasciasse-torino","status":"publish","type":"post","link":"https:\/\/www.europesays.com\/it\/525845\/","title":{"rendered":"Tuttosport &#8211; Vlahovic spaccone: parte dello spogliatoio non vedeva l\u2019ora che lasciasse Torino"},"content":{"rendered":"<p>Qualche eccesso perch\u00e9 negli spogliatoi non ha unito tutti, e lui ci \u00e8 rimasto male in merito al discorso legato alla fascia da capitano: sperava di essere coinvolto<\/p>\n<p><b><strong>Dopo l&#8217;addio fra la Juventus e Dusan Vlahovic<\/strong><\/b>, che sar\u00e0 ufficiale il 30 giugno alla scadenza del contratto ma che \u00e8 gi\u00e0 effettivo nei fatti, dopo la conclusione senza esito della trattativa per il rinnovo, <b><strong>emergono retroscena interessanti sul rapporto fra il centravanti serbo e i compagni di squadra.  <\/strong><\/b><\/p>\n<p>Come racconta Tuttosport,<b><strong> in pochi alla Continassa si sono dovuti asciugare le lacrime dopo la rottura definitiva<\/strong><\/b> tra la Juve e Vlahovic. Un giocatore importante, ma ingombrante. Il gruppo, riferisce il quotidiano torinese, \u00e8 ben consapevole della lacuna che Vlahovic lascia dopo lo strappo con la Juve. Poi, per\u00f2, entra in gioco il lato oscuro, si legge su Tuttosport: <b><strong>la componente divisiva del serbo. Spaccone, talvolta. Anche con qualche eccesso perch\u00e9 negli spogliatoi non ha unito tutti<\/strong><\/b>. Ancora di pi\u00f9 negli ultimi mesi, quando alcune informazioni circa lo stato d\u2019avanzamento del tema rinnovo arrivavano direttamente alla squadra.<\/p>\n","protected":false},"excerpt":{"rendered":"Qualche eccesso perch\u00e9 negli spogliatoi non ha unito tutti, e lui ci \u00e8 rimasto male in merito al&hellip;\n","protected":false},"author":3,"featured_media":342582,"comment_status":"","ping_status":"","sticky":false,"template":"","format":"standard","meta":{"footnotes":"","_share_on_mastodon":"0"},"categories":[176],"tags":[117101,4330,1537,90,89,558,117102,251,245,244],"class_list":["post-525845","post","type-post","status-publish","format-standard","has-post-thumbnail","category-sport","tag-altre-notizie","tag-d-vlahovic","tag-it","tag-italia","tag-italy","tag-juventus","tag-other-news","tag-serie-a","tag-sport","tag-sports"],"share_on_mastodon":{"url":"https:\/\/pubeurope.com\/@it\/116701047382323417","error":""},"_links":{"self":[{"href":"https:\/\/www.europesays.com\/it\/wp-json\/wp\/v2\/posts\/525845","targetHints":{"allow":["GET"]}}],"collection":[{"href":"https:\/\/www.europesays.com\/it\/wp-json\/wp\/v2\/posts"}],"about":[{"href":"https:\/\/www.europesays.com\/it\/wp-json\/wp\/v2\/types\/post"}],"author":[{"embeddable":true,"href":"https:\/\/www.europesays.com\/it\/wp-json\/wp\/v2\/users\/3"}],"replies":[{"embeddable":true,"href":"https:\/\/www.europesays.com\/it\/wp-json\/wp\/v2\/comments?post=525845"}],"version-history":[{"count":0,"href":"https:\/\/www.europesays.com\/it\/wp-json\/wp\/v2\/posts\/525845\/revisions"}],"wp:featuredmedia":[{"embeddable":true,"href":"https:\/\/www.europesays.com\/it\/wp-json\/wp\/v2\/media\/342582"}],"wp:attachment":[{"href":"https:\/\/www.europesays.com\/it\/wp-json\/wp\/v2\/media?parent=525845"}],"wp:term":[{"taxonomy":"category","embeddable":true,"href":"https:\/\/www.europesays.com\/it\/wp-json\/wp\/v2\/categories?post=525845"},{"taxonomy":"post_tag","embeddable":true,"href":"https:\/\/www.europesays.com\/it\/wp-json\/wp\/v2\/tags?post=525845"}],"curies":[{"name":"wp","href":"https:\/\/api.w.org\/{rel}","templated":true}]}}