{"id":525892,"date":"2026-06-06T04:27:13","date_gmt":"2026-06-06T04:27:13","guid":{"rendered":"https:\/\/www.europesays.com\/it\/525892\/"},"modified":"2026-06-06T04:27:13","modified_gmt":"2026-06-06T04:27:13","slug":"stazione-spaziale-perdita-di-aria-la-nasa-dice-agli-astronauti-di-rifugiarsi-nelle-capsule-i-russi-chiusa-una-delle-due-perdite-allarme-rientrato","status":"publish","type":"post","link":"https:\/\/www.europesays.com\/it\/525892\/","title":{"rendered":"Stazione spaziale: perdita di aria, la Nasa dice agli astronauti di rifugiarsi nelle capsule. I russi: \u00abChiusa una delle due perdite\u00bb. Allarme rientrato"},"content":{"rendered":"<p>    di<br \/>\n    Paolo Virtuani<\/p>\n<p class=\"summary-art is-line-h-12\">Il problema \u00e8 in uno dei moduli russi della Iss. Non \u00e8 la prima volta che viene lanciato l&#8217;allarme perch\u00e9 il problema dura dal 2019 e non \u00e8 mai stato risolto definitivamente<\/p>\n<p class=\"chapter-paragraph\">\u00c8 rientrato l&#8217;allarme sulla <b>Stazione spaziale internazionale (Iss)<\/b> a causa dell&#8217;aggravarsi di una perdita d&#8217;aria. La <b>Nasa<\/b> nel primo pomeriggio di venerd\u00ec aveva ordinato ai propri astronauti a bordo della Iss di entrare per sicurezza nelle capsule e di prepararsi a un eventuale rientro anticipato a Terra, come da protocollo di sicurezza. Il problema riguardava la perdita d&#8217;aria dal\u00a0tunnel di trasferimento del modulo di servizio\u00a0Zvezda, uno dei moduli russi che compongono la Iss, un fenomeno che dura dal 2019 e che non \u00e8 mai stato risolto definitivamente. Di solito gli <a href=\"https:\/\/www.corriere.it\/cronache\/21_marzo_17\/stazione-spaziale-perdita-d-aria-identificata-le-foglie-te-826e613a-8731-11eb-83f9-db14ce9af997.shtml\" rel=\"nofollow noopener\" target=\"_blank\">astronauti russi riparano il guasto anche con metodi non convenzionali<\/a>, che per\u00f2 periodicamente torna a presentarsi.\u00a0<\/p>\n<p>    Riparazione<\/p>\n<p class=\"chapter-paragraph\">In seguito Roscosmos, l&#8217;agenzia spaziale russa,\u00a0ha annunciato che \u00e8 stata sigillata una delle due perdite d&#8217;aria e ha assicurato che gli astronauti non corrono pericolo. \u00abUna perdita \u00e8 stata chiusa e si sta lavorando sull&#8217;altra. La sicurezza dell&#8217;equipaggio e dei sistemi di bordo dell&#8217;Iss non sono in pericolo\u00bb, ha riferito l&#8217;agenzia russa. La Nasa ha quindi detto agli astronauti che potevano togliersi le tute pressurizzate e di uscire dalle capsule per riprendere la normale attivit\u00e0.    &#13;<br \/>\n&#13;<br \/>\n&#13;<br \/>\n&#13;<br \/>\n&#13;<br \/>\n&#13;<br \/>\n&#13;<br \/>\n&#13;<br \/>\n&#13;<br \/>\n&#13;<br \/>\n&#13;<br \/>\n&#13;<br \/>\n&#13;<br \/>\n&#13;<br \/>\n&#13;<br \/>\n&#13;<br \/>\n&#13;<br \/>\n&#13;<br \/>\n&#13;<br \/>\n&#13;<br \/>\n&#13;<br \/>\n&#13;<br \/>\n&#13;<br \/>\n&#13;<br \/>\n&#13;<br \/>\n&#13;<br \/>\n&#13;<br \/>\n&#13;<br \/>\n&#13;<br \/>\n&#13;<br \/>\n&#13;<br \/>\n&#13;<br \/>\n&#13;<br \/>\n&#13;<br \/>\n&#13;<br \/>\n&#13;<br \/>\n&#13;<br \/>\n&#13;<br \/>\n&#13;<br \/>\n&#13;<br \/>\n&#13;<br \/>\n&#13;<br \/>\n&#13;<br \/>\n&#13;<br \/>\n&#13;<br \/>\n&#13;<br \/>\n&#13;<br \/>\n&#13;<br \/>\n&#13;<br \/>\n&#13;<br \/>\n&#13;<br \/>\n&#13;<br \/>\n&#13;\n<\/p>\n<p>    Perdita d&#8217;aria<\/p>\n<p class=\"chapter-paragraph\">La nuova perdita d&#8217;aria \u00e8 iniziata circa una settimana fa in corrispondenza dell&#8217;arrivo dal cargo di rifornimento Progress-95. Roscosmos aveva fatto sapere che si trattava di una perdita pari a circa mezzo chilo di aria al giorno, che ora per\u00f2 era raddoppiata secondo la Reuters che citava una fonte qualificata della Nasa la quale per\u00f2 ha voluto restare anonima.\u00a0<\/p>\n<p class=\"chapter-paragraph\">La Stazione spaziale internazionale \u00e8 attiva ininterrottamente dall&#8217;anno 2000. In questo momento in orbita nella Expedition 74 ci sono sette astronauti: Sergei Kud-Scerchkov (comandante, Russia), Chris Williams (Usa), Sergei Mikaev (Russia), Jessica Meir (Usa), Jack Hathaway (Usa), Sophie Adenot (Francia) e Andrei Fedyaev (Russia).<\/p>\n<p class=\"is-last-update\" datetime=\"2026-06-05T22:32:16+02:00\">5 giugno 2026 ( modifica il 5 giugno 2026 | 22:32)<\/p>\n<p class=\"is-copyright\">\n            \u00a9 RIPRODUZIONE RISERVATA\n        <\/p>\n","protected":false},"excerpt":{"rendered":"di Paolo Virtuani Il problema \u00e8 in uno dei moduli russi della Iss. Non \u00e8 la prima volta&hellip;\n","protected":false},"author":3,"featured_media":525893,"comment_status":"","ping_status":"","sticky":false,"template":"","format":"standard","meta":{"footnotes":"","_share_on_mastodon":"0"},"categories":[173],"tags":[763,2271,7488,290221,10406,8650,290222,139286,445,4826,8937,1537,90,89,11819,9891,290220,1885,4477,171,195,198,199,197,200,201,863,11822,535,66093,194,196,410],"class_list":["post-525892","post","type-post","status-publish","format-standard","has-post-thumbnail","category-scienza-e-tecnologia","tag-agenzia","tag-allarme","tag-aria","tag-aria-nasa","tag-astronauti","tag-bordo","tag-bordo-iss","tag-capsule","tag-chiusa","tag-definitivamente","tag-iss","tag-it","tag-italia","tag-italy","tag-nasa","tag-perdita","tag-perdita-aria","tag-problema","tag-russi","tag-russia","tag-science","tag-science-and-technology","tag-scienceandtechnology","tag-scienza","tag-scienza-e-tecnologia","tag-scienzaetecnologia","tag-sicurezza","tag-spaziale","tag-stazione","tag-stazione-spaziale","tag-technology","tag-tecnologia","tag-usa"],"share_on_mastodon":{"url":"","error":"Validation failed: Text character limit of 500 exceeded"},"_links":{"self":[{"href":"https:\/\/www.europesays.com\/it\/wp-json\/wp\/v2\/posts\/525892","targetHints":{"allow":["GET"]}}],"collection":[{"href":"https:\/\/www.europesays.com\/it\/wp-json\/wp\/v2\/posts"}],"about":[{"href":"https:\/\/www.europesays.com\/it\/wp-json\/wp\/v2\/types\/post"}],"author":[{"embeddable":true,"href":"https:\/\/www.europesays.com\/it\/wp-json\/wp\/v2\/users\/3"}],"replies":[{"embeddable":true,"href":"https:\/\/www.europesays.com\/it\/wp-json\/wp\/v2\/comments?post=525892"}],"version-history":[{"count":0,"href":"https:\/\/www.europesays.com\/it\/wp-json\/wp\/v2\/posts\/525892\/revisions"}],"wp:featuredmedia":[{"embeddable":true,"href":"https:\/\/www.europesays.com\/it\/wp-json\/wp\/v2\/media\/525893"}],"wp:attachment":[{"href":"https:\/\/www.europesays.com\/it\/wp-json\/wp\/v2\/media?parent=525892"}],"wp:term":[{"taxonomy":"category","embeddable":true,"href":"https:\/\/www.europesays.com\/it\/wp-json\/wp\/v2\/categories?post=525892"},{"taxonomy":"post_tag","embeddable":true,"href":"https:\/\/www.europesays.com\/it\/wp-json\/wp\/v2\/tags?post=525892"}],"curies":[{"name":"wp","href":"https:\/\/api.w.org\/{rel}","templated":true}]}}