{"id":525910,"date":"2026-06-06T04:46:14","date_gmt":"2026-06-06T04:46:14","guid":{"rendered":"https:\/\/www.europesays.com\/it\/525910\/"},"modified":"2026-06-06T04:46:14","modified_gmt":"2026-06-06T04:46:14","slug":"intelligenza-artificiale-come-sopravvivere-alle-nuove-tecnologie-se-avete-uno-studio-di-architettura","status":"publish","type":"post","link":"https:\/\/www.europesays.com\/it\/525910\/","title":{"rendered":"Intelligenza Artificiale, come sopravvivere alle nuove tecnologie se avete uno studio di architettura"},"content":{"rendered":"<p>\u00c1lvarez ritiene che l\u2019automazione stia gi\u00e0 rivoluzionando processi come la generazione di layout, la documentazione tecnica o le visualizzazioni preliminari, consentendo di guadagnare in efficienza e di esplorare pi\u00f9 alternative progettuali. Tuttavia, avverte che <strong>il vero valore continuer\u00e0 a risiedere nella capacit\u00e0 umana di interpretare il contesto, comprendere il cliente e prendere decisioni con sensibilit\u00e0 e giudizio.<\/strong> \u201cLa differenza non star\u00e0 nel saper premere un pulsante, ma nel sapere cosa chiedere, come valutare il risultato e quando scartarlo\u201d, spiega.<\/p>\n<p>L\u2019esperto mette inoltre in guardia dal rischio di <strong>banalizzare l\u2019architettura attraverso immagini suggestive ma vuote di contenuto<\/strong>. \u201cSe lo studio delega la decisione estetica al cento per cento allo strumento, diventa uno studio irrilevante e prevedibile\u201d, sottolinea. Per questo motivo, insiste sul fatto che il <strong>futuro della professione dipender\u00e0 dalla combinazione di tecnologia, pensiero critico e responsabilit\u00e0 costruttiva per sviluppare progetti validi e<\/strong> coerenti con un reale impatto sociale.<\/p>\n<p>Quali attivit\u00e0 di progettazione architettonica saranno automatizzate dall\u2019IA (e quali no)?<\/p>\n<p>Molte attivit\u00e0 di bassa o media complessit\u00e0 sono gi\u00e0 state e saranno automatizzate: generazione di varianti iniziali, <strong>moodboard, analisi delle superfici, controlli normativi di base, misurazioni, rendering generali preliminari o corrispondenza di layout<\/strong>. \u201cQuest\u2019ultimo \u00e8 il pi\u00f9 potente, a mio avviso\u201d, afferma \u00c1lvarez. \u201c<strong>I programmi di <a href=\"https:\/\/www.ad-italia.it\/article\/architettura-sostenibile-interviste-ad-100-nuovi-edifici-riqualificazione\/\" target=\"_blank\" rel=\"nofollow noopener\">architettura<\/a> generativa stanno ottenendo il 3% in pi\u00f9 di unit\u00e0 abitative in progetti che erano gi\u00e0 stati considerati buoni,<\/strong> il che implica un beneficio e un\u2019efficienza notevoli&#8221;.<\/p>\n<p>Secondo gli esperti, l\u2019IA ha accelerato i processi che erano gi\u00e0 iniziati con i modelli BIM (Building Information Modeling), quando questi vengono utilizzati per mostrare un progetto al cliente. \u201cOra possiamo rendere le nostre proposte <strong>molto pi\u00f9 comprensibili ai clienti<\/strong>. Tutto questo senza dimenticare che il controllo che abbiamo sull\u2019intero progetto e sul lavoro pu\u00f2 essere aumentato, il che porta maggiore qualit\u00e0 agli incarichi professionali\u201d, afferma Bermejo.<\/p>\n","protected":false},"excerpt":{"rendered":"\u00c1lvarez ritiene che l\u2019automazione stia gi\u00e0 rivoluzionando processi come la generazione di layout, la documentazione tecnica o le&hellip;\n","protected":false},"author":3,"featured_media":525911,"comment_status":"","ping_status":"","sticky":false,"template":"","format":"standard","meta":{"footnotes":"","_share_on_mastodon":"0"},"categories":[1446],"tags":[1615,1613,1614,1611,1610,1612,203,16916,204,1537,90,89,16915],"class_list":["post-525910","post","type-post","status-publish","format-standard","has-post-thumbnail","category-arte-e-design","tag-arte","tag-arte-e-design","tag-arteedesign","tag-arts","tag-arts-and-design","tag-design","tag-entertainment","tag-how-to","tag-intrattenimento","tag-it","tag-italia","tag-italy","tag-tendenze"],"share_on_mastodon":{"url":"https:\/\/pubeurope.com\/@it\/116701350155745808","error":""},"_links":{"self":[{"href":"https:\/\/www.europesays.com\/it\/wp-json\/wp\/v2\/posts\/525910","targetHints":{"allow":["GET"]}}],"collection":[{"href":"https:\/\/www.europesays.com\/it\/wp-json\/wp\/v2\/posts"}],"about":[{"href":"https:\/\/www.europesays.com\/it\/wp-json\/wp\/v2\/types\/post"}],"author":[{"embeddable":true,"href":"https:\/\/www.europesays.com\/it\/wp-json\/wp\/v2\/users\/3"}],"replies":[{"embeddable":true,"href":"https:\/\/www.europesays.com\/it\/wp-json\/wp\/v2\/comments?post=525910"}],"version-history":[{"count":0,"href":"https:\/\/www.europesays.com\/it\/wp-json\/wp\/v2\/posts\/525910\/revisions"}],"wp:featuredmedia":[{"embeddable":true,"href":"https:\/\/www.europesays.com\/it\/wp-json\/wp\/v2\/media\/525911"}],"wp:attachment":[{"href":"https:\/\/www.europesays.com\/it\/wp-json\/wp\/v2\/media?parent=525910"}],"wp:term":[{"taxonomy":"category","embeddable":true,"href":"https:\/\/www.europesays.com\/it\/wp-json\/wp\/v2\/categories?post=525910"},{"taxonomy":"post_tag","embeddable":true,"href":"https:\/\/www.europesays.com\/it\/wp-json\/wp\/v2\/tags?post=525910"}],"curies":[{"name":"wp","href":"https:\/\/api.w.org\/{rel}","templated":true}]}}