{"id":525964,"date":"2026-06-06T05:43:19","date_gmt":"2026-06-06T05:43:19","guid":{"rendered":"https:\/\/www.europesays.com\/it\/525964\/"},"modified":"2026-06-06T05:43:19","modified_gmt":"2026-06-06T05:43:19","slug":"mio-padre-morto-quando-avevo-16-anni-da-quella-notte-non-dormo-piu-vorrei-tornare-a-money-road-la-musica-oggi-nessuno-e-come-mina-parla-orietta-berti","status":"publish","type":"post","link":"https:\/\/www.europesays.com\/it\/525964\/","title":{"rendered":"&#8220;Mio padre morto quando avevo 16 anni, da quella notte non dormo pi\u00f9. Vorrei tornare a Money Road. La musica oggi? Nessuno \u00e8 come Mina&#8221;. Parla Orietta Berti"},"content":{"rendered":"<p>Oltre sessant&#8217;anni di carriera vissuti sempre in viaggio, tra il calore del pubblico e una seconda giovinezza pop che l&#8217;ha resa un&#8217;icona anche per i giovanissimi. In questa intervista a cuore aperto, Orietta Berti si racconta con generosit\u00e0: la partecipazione a Money Road, i segreti di una vita spesa a difendere la propria indipendenza artistica, il dolore per la scomparsa del pap\u00e0 (&#8220;Stavo dormendo, mamma venne a chiamarmi&#8221;). Ma anche la nuova canzone con Il Rosso (pseudonimo di Matteo Baini, classe 2001, noto streamer e creator digitale italiano) e IAEM (una nuova realt\u00e0 artistica dichiaratamente nata dall\u2019intelligenza artificiale) dal titolo \u201cQuadri Cuori Picche Fiori\u201d.<\/p>\n<p><strong>Qualche giorno fa \u00e8 stato il suo compleanno. Come lo ha festeggiato?<\/strong><\/p>\n<p>\u201cEro a Malta per un concerto. La sera mi hanno fatto una festa e invece il giorno proprio del mio compleanno \u00e8 stato un po\u2019 brutto. Vicino all\u2019hotel dove mi trovavo,<a href=\"https:\/\/www.today.it\/mondo\/esplosione-malta-fabbrica-fuochi-artificiali-1-giugno-2026.html#:~:text=Due%20uomini%2C%20di%2047%20e,una%20forte%20onda%20d&#039;urto.\" target=\"_blank\" rel=\"nofollow noopener\"> \u00e8 scoppiata una fabbrica di fuochi d\u2019artificio<\/a>. Si sono rotti tutti i vetri, siamo dovuti scendere a piedi in hall e io ero al sesto piano. Ho lasciato la stanza e poi ho raggiunto l&#8217;aeroporto percorrendo tutta l&#8217;isola al contrario. Il problema \u00e8 che ho perso la valigia, l\u00ec dentro avevo tutto. Un compleanno con il botto, letteralmente\u2026\u201d.<br \/>\u00a0<\/p>\n<p><strong>La conosciamo per la sua solarit\u00e0 ma anche lei ha vissuto dolori profondi, come la scomparsa di suo padre in un incidente stradale, quando lei aveva solo 16 anni. Chi l\u2019ha aiutata in quel momento cos\u00ec delicato?<\/strong><\/p>\n<p>\u201cDa quando \u00e8 morto mio pap\u00e0, non riesco pi\u00f9 a dormire. Ricordo che stavo dormendo, venne mamma a dirmi \u2018vestiti, dobbiamo andare subito a Reggio Emilia perch\u00e9 pap\u00e0 ha avuto un incidente\u2019. Quando siamo arrivate, era gi\u00e0 morto. Da quello shock non prendo pi\u00f9 sonno, appena mi corico a letto mi sale l\u2019ansia che mi chiude la gola e quindi prendo delle goccine almeno per rilassarmi. Io dormo magari qualche ora in treno o in aereo, quelle mi bastano per tutta la giornata\u201d.<\/p>\n<p><strong>Prima suo marito Osvaldo la seguiva ovunque, poi a causa di alcuni problemi di salute ha dovuto smettere. Le \u00e8 dispiaciuto?<\/strong><\/p>\n<p>\u201cS\u00ec, mi dispiace. Ma sarebbe complicato, soprattutto per lui tra viaggi stressanti e il fatto che ormai si fa tutto con il computer. Mi ha aiutato per 40 anni, poi \u00e8 passato tutto nelle mani di mio figlio Otis. Quando \u00e8 diventato pap\u00e0, ha deciso di continuare ma da casa, curando per esempio i miei social. Per quanto riguarda i tour e la tv, c&#8217;\u00e8 sempre mio figlio Omar&#8221;.<\/p>\n<p><strong>Che rapporto ha con il tempo che passa?<\/strong><\/p>\n<p>\u201cNeanche me ne accorgo, io sono sempre in viaggio: in treno, in aereo\u201d.<\/p>\n<p><strong>Come ha gestito il successo, specialmente da giovane?<\/strong><\/p>\n<p>\u201cNon mi ha mai dato alla testa, mio marito in questo mi \u00e8 stato molto d\u2019aiuto. Mi diceva: \u2018Guarda che magari oggi ci sei, domani chi lo sa\u2019. Alla fine invece dura da pi\u00f9 di 60 anni\u201d.<\/p>\n<p><strong>Se dovesse spiegarlo a un giovane cantante, qual \u00e8 il segreto?<\/strong><\/p>\n<p>\u201cPrima il mondo discografico era molto diverso, c&#8217;erano tante manifestazioni, tanti concorsi. Oggi ce ne sono altre, diverse, sulle piattaforme. Non \u00e8 come vendere un disco, si parla pi\u00f9 di visualizzazioni, di streaming. I tormentoni c&#8217;erano anche prima, ma rimanevano di pi\u00f9. Ora \u00e8 tutto veloce, le canzoni nuove dopo 4 mesi non le ricorda pi\u00f9 nessuno\u201d.<\/p>\n<p><strong>Di recente ha partecipato a Money Road su Sky. Che esperienza \u00e8 stata?<\/strong><\/p>\n<p>\u201cBellissima. Mi sono divertita, <a href=\"https:\/\/www.today.it\/film-serie-tv\/sky\/money-road-2-terza-puntata-4-giugno-2026.html\" target=\"_blank\" rel=\"nofollow noopener\">sono andata nella giungla<\/a>. Vorrei rifarla, sperando di trovare qualche belva. Non ho visto niente di che, solo qualche scimmietta e un pitone\u201d.<\/p>\n<p><strong>Cosa l\u2019ha colpita della Malesia?<\/strong><\/p>\n<p>\u201cLa vegetazione. C\u2019erano delle spiagge con la sabbia rosa e le palme con delle fronde piene di rami, il panorama era mozzafiato. Il mare veramente blu\u201d.<\/p>\n<p><strong>Lei che \u00e8 una collezionista d\u2019eccezione, \u00e8 tornata con qualche cimelio?<\/strong><\/p>\n<p>\u201cCerto. Ho comprato un servizio per bere il the tutto dorato. Loro hanno la mania per l\u2019oro. E poi una lampadina di Aladino e due elefantini per le mie nipotine, loro ci vanno matte\u201d.<\/p>\n<p><strong>Oggi esce il videoclip del suo ultimo singolo QCPF, com\u2019\u00e8 nata la collaborazione con Il Rosso, apparentemente cos\u00ec distante da lei?<\/strong><\/p>\n<p>\u201cCi ha fatti conoscere Rovazzi (con cui Berti ha collaborato, per esempio, per Discoteca Italiana, ndr). Siamo diventati amici e scherzando ha detto \u2018magari faremo un pezzo insieme\u2019, e la parole \u00e8 stata mantenuta. A Natale far\u00f2 uscire nuove canzoni, anche con altre collaborazioni. Sar\u00e0 un cofanetto di 20 pezzi, il mio pubblico pi\u00f9 affezionato giustamente vuole qualcosa di fisico tra le mani\u201d.<\/p>\n<p><strong>Che rapporto ha con l\u2019intelligenza artificiale<\/strong>?<\/p>\n<p>\u201cNel lavoro la uso da due anni ormai. Quando mi arrivano i provini, li faccio rifare da lei con la mia voce. C\u2019\u00e8 chi dice che toglie il lavoro\u2026 nel mio ambito no, dietro ci sono almeno due tecnici per fare un solo provino. Ci vuole sempre una voce base, umana, che lei copia\u201d.<\/p>\n<p><strong>12 volte a Sanremo, quale partecipazione l\u2019\u00e8 rimasta pi\u00f9 nel cuore?<\/strong><\/p>\n<p>\u201cLa prima perch\u00e9 \u00e8 stata molto emozionante. Ma anche nel 2021, quando sono tornata dopo 29 anni. C\u2019era un\u2019attenzione diversa su di me. Ero circondata da colleghi giovanissimi, potevano essere miei nipoti. Per me quella \u00e8 stata una svolta: ho conosciuto Fedez e da l\u00ec \u00e8 stata come una seconda primavera per la mia carriera\u201d.<\/p>\n<p><strong>Ci tornerebbe all\u2019Ariston?<\/strong><\/p>\n<p>\u201cIn gara no. A meno che non ci fosse proprio un pezzo bomba tra le mani\u201d.<\/p>\n<p><strong>Quale aspetto le piace di pi\u00f9 del suo lavoro?<\/strong><\/p>\n<p>\u201cEssere sempre in giro, di corsa. Domani devo fare dei TikTok, poi ho un collegamento con una trasmissione televisiva. Per il resto io dagli anni 80 io mi produco da sola, non ho alle spalle una major\u201d.<\/p>\n<p><strong>Ha raccontato che ogni giorno la fermano tanti fan per scattare un selfie. C\u2019\u00e8 un incontro che l\u2019\u00e8 rimasto impresso?<\/strong><\/p>\n<p>\u201cQuelli con i giovani. Mi regalano di tutto, non sto scherzando. I pupazzi con le mie sembianze, delle idee per i miei filmati. Si interessano al mio lavoro e questo mi piace. Un ragazzo dalla Sicilia ha fatto il cubo con la mia faccia. E poi mi mandano tanti gin, sanno che ormai \u00e8 la mia bevanda preferita\u201d.<\/p>\n<p><strong>E lei li beve?<\/strong><\/p>\n<p>\u201cNo, li tengo per ricordo. Uno me l\u2019ha mandato con il sapore della candeggina, infatti c\u2019\u00e8 scritto Cande-Gin. Ma io non l\u2019ho aperto\u201d.<\/p>\n<p><strong>Immagino che negli anni le siano arrivate delle offerte, come mai ha scelto di proseguire da sola?<\/strong><\/p>\n<p>\u201cPerch\u00e9 mi piaceva sperimentare, mi trovo bene, ho sempre avuto delle occasioni buone. Continuo cos\u00ec\u201d.<\/p>\n<p><strong>C&#8217;\u00e8 un collega che ammira particolarmente?<\/strong><\/p>\n<p>\u201cA me piace sempre Mina, io ho cominciato a cantare nei concorsi con le sue canzoni. Nessuna \u00e8 come lei. Le cantanti giovani e talentuose ci sono, ma noto che non hanno quella grande personalit\u00e0 come Mina. O come Ornella Vanoni, Patty Pravo per farle qualche altro nome. Loro erano particolarissime\u201d.<\/p>\n<p><strong>Che estate sar\u00e0?<\/strong><\/p>\n<p>\u201cIn giro tra i festival delle radio e il mio tour. E poi sar\u00f2 madrina di un concorso di karaoke. Chi vincer\u00e0 potr\u00e0 fare un feat. con me nel prossimo disco. Sar\u00e0 un talento nuovo, quindi, speriamo di trovare un cantante che abbia belle possibilit\u00e0 vocali\u201d.<\/p>\n<p><strong>Per terminare, sono famose le sue doti culinarie. C\u2019\u00e8 una ricetta estiva che ci consiglia?<\/strong><\/p>\n<p>\u201cNe ho una afrodisiaca di cui ho parlato anche nel mio libro. Taglia a met\u00e0 un melone, lo pulisce, fa dei buchetti con una forchetta, poi ci mette dentro un bicchiere di Porto. Lo lascia l\u00ec un quarto d\u2019ora, e vedr\u00e0 che buono. Rinfrescante e anche afrodisiaco, io l\u2019ho mangiato ieri sera\u201d.<\/p>\n<p>  &#13;<br \/>\n&#13;<br \/>\n  &lt;!?php if ( SF_DOMAIN == &#8216;citynews-bruxellestoday&#8217; || SF_DOMAIN == &#8216;citynews-cagliaritoday&#8217; || SF_DOMAIN == &#8216;citynews-sassaritoday&#8217; || SF_DOMAIN == &#8216;citynews-tarantotoday&#8217; || SF_DOMAIN == &#8216;citynews-viterbotoday&#8217; || SF_DOMAIN == &#8216;citynews-ferraratoday&#8217; ): ?&gt;&#13;<br \/>\n    &#13;<br \/>\n  &lt;!?php endif; ?&gt;&#13;<br \/>\n  &#13;<br \/>\n&#13;<br \/>\n        &#13;<br \/>\n        &#13;<\/p>\n","protected":false},"excerpt":{"rendered":"Oltre sessant&#8217;anni di carriera vissuti sempre in viaggio, tra il calore del pubblico e una seconda giovinezza pop&hellip;\n","protected":false},"author":3,"featured_media":525965,"comment_status":"","ping_status":"","sticky":false,"template":"","format":"standard","meta":{"footnotes":"","_share_on_mastodon":"0"},"categories":[1443],"tags":[203,204,1537,90,89,1538,1539,290241,41581,290242,290240],"class_list":["post-525964","post","type-post","status-publish","format-standard","has-post-thumbnail","category-musica","tag-entertainment","tag-intrattenimento","tag-it","tag-italia","tag-italy","tag-music","tag-musica","tag-nuova-canzone-orietta-berti","tag-orietta-berti","tag-orietta-berti-eta","tag-orietta-berti-nuova-canzone"],"share_on_mastodon":{"url":"https:\/\/pubeurope.com\/@it\/116701574402447079","error":""},"_links":{"self":[{"href":"https:\/\/www.europesays.com\/it\/wp-json\/wp\/v2\/posts\/525964","targetHints":{"allow":["GET"]}}],"collection":[{"href":"https:\/\/www.europesays.com\/it\/wp-json\/wp\/v2\/posts"}],"about":[{"href":"https:\/\/www.europesays.com\/it\/wp-json\/wp\/v2\/types\/post"}],"author":[{"embeddable":true,"href":"https:\/\/www.europesays.com\/it\/wp-json\/wp\/v2\/users\/3"}],"replies":[{"embeddable":true,"href":"https:\/\/www.europesays.com\/it\/wp-json\/wp\/v2\/comments?post=525964"}],"version-history":[{"count":0,"href":"https:\/\/www.europesays.com\/it\/wp-json\/wp\/v2\/posts\/525964\/revisions"}],"wp:featuredmedia":[{"embeddable":true,"href":"https:\/\/www.europesays.com\/it\/wp-json\/wp\/v2\/media\/525965"}],"wp:attachment":[{"href":"https:\/\/www.europesays.com\/it\/wp-json\/wp\/v2\/media?parent=525964"}],"wp:term":[{"taxonomy":"category","embeddable":true,"href":"https:\/\/www.europesays.com\/it\/wp-json\/wp\/v2\/categories?post=525964"},{"taxonomy":"post_tag","embeddable":true,"href":"https:\/\/www.europesays.com\/it\/wp-json\/wp\/v2\/tags?post=525964"}],"curies":[{"name":"wp","href":"https:\/\/api.w.org\/{rel}","templated":true}]}}