{"id":526015,"date":"2026-06-06T06:32:18","date_gmt":"2026-06-06T06:32:18","guid":{"rendered":"https:\/\/www.europesays.com\/it\/526015\/"},"modified":"2026-06-06T06:32:18","modified_gmt":"2026-06-06T06:32:18","slug":"mercato-newcastle-e-city-chiamano-ma-palestra-vuole-solo-linter","status":"publish","type":"post","link":"https:\/\/www.europesays.com\/it\/526015\/","title":{"rendered":"Mercato: Newcastle e City chiamano ma Palestra vuole solo l&#8217;Inter"},"content":{"rendered":"<p class=\"paragraph\" spellcheck=\"true\">Nel calciomercato, nelle trattative tra societ\u00e0 e in quelle con i calciatori stessi, anche in quelle pi\u00f9 lunghe ed estenuanti, alla fine viene spesso fuori un dettaglio che fa saltare il banco. Una promessa, un\u2019intenzione, qualcosa capace di far pendere la bilancia dalla propria parte. Nel caso dell\u2019Inter, il pi\u00f9 grande assist nella trattativa con l\u2019Atalanta per <a href=\"https:\/\/www.gazzetta.it\/Calcio\/Serie-A\/Inter\/04-06-2026\/palestra-per-dumfries-cosi-l-inter-si-rinforza.shtml?intcmp=hyperlink-articolo-gazit\" title=\"Palestra per Dumfries: ecco perch\u00e9 cos\u00ec l&#039;Inter si rinforza\" target=\"_blank\" rel=\"nofollow noopener\">Palestra<\/a> arriva\u2026 da Palestra stesso. Perch\u00e9 l\u2019esterno dei bergamaschi ha chiaramente manifestato la volont\u00e0 di unirsi al <a href=\"https:\/\/www.gazzetta.it\/Calcio\/Calciomercato\/Inter\/05-06-2026\/inter-riscatto-stankovic-retroscena-mercato.shtml?intcmp=hyperlink-articolo-gazit\" title=\"Perch\u00e9 l&#039;Inter ha riacquistato Stankovic jr a 23 milioni? Tra mercato e i &quot;Chivu boys&quot;, i retroscena\" target=\"_blank\" rel=\"nofollow noopener\">gruppo di Chivu<\/a>, declinando con cortesia apprezzamenti ed approcci (pur soltanto iniziali) arrivati da altrove. Un\u2019intenzione chiarissima che in un certo senso complica un po\u2019 i piani dell\u2019Atalanta, che dalla cessione dell\u2019esterno-rivelazione dello scorso campionato intende incassare il pi\u00f9 possibile. La richiesta \u00e8 ormai nota, va sfondato il muro dei 50 milioni, una cifra che per esempio il Newcastle pagherebbe sull\u2019unghia in tempi rapidi. Se non fosse che Palestra la sua scelta l\u2019ha gi\u00e0 fatta: Italia, Serie A, Inter. Un dettaglio su cui la societ\u00e0 di viale della Liberazione intende far leva, perch\u00e9 spesso \u00e8 proprio la volont\u00e0 dei protagonisti a dare una direzione precisa agli affari.\u00a0<\/p>\n<p>        milano, ritorno\u2014 \u00a0<\/p>\n<p class=\"paragraph\" spellcheck=\"true\">Marco Palestra non si sente ancora pronto per il grande salto in Premier League, vuole proseguire il proprio percorso di crescita nel campionato italiano e quindi l\u2019idea \u00e8 chiara. Il percorso di crescita va ultimato definitivamente in Serie A, prima di pensare ad altro. Il Newcastle pu\u00f2 aspettare, come pu\u00f2 attendere persino il Manchester City, altro club che non avrebbe problemi a versare nelle casse dell\u2019Atalanta quanto richiesto dalla dirigenza nerazzurra. Enzo Maresca, destinato a diventare ufficialmente il successore di Guardiola in tempi rapidissimi, \u00e8 un grande estimatore di Palestra. Gigio Donnarumma, in Nazionale, ha avviato il pressing per ritrovarsi l\u2019ex Cagliari compagno anche a livello di club. E Palestra \u00e8 senza dubbio lusingato dalle attenzioni dei top club. Ma il suo disegno resta chiaro: tornare a Milano. Un po\u2019 pi\u00f9 a nord rispetto a Buccinasco, quartiere in cui \u00e8 nato e cresciuto, ma questo \u00e8. In attesa del rilancio decisivo dell\u2019Inter. Che per non sprecare le buone intenzioni dell&#8217;esterno ed evitare la beffa inglese \u00e8 chiamata ad accelerare i tempi.<\/p>\n","protected":false},"excerpt":{"rendered":"Nel calciomercato, nelle trattative tra societ\u00e0 e in quelle con i calciatori stessi, anche in quelle pi\u00f9 lunghe&hellip;\n","protected":false},"author":3,"featured_media":526016,"comment_status":"","ping_status":"","sticky":false,"template":"","format":"standard","meta":{"footnotes":"","_share_on_mastodon":"0"},"categories":[1452],"tags":[10920,569,721,1856,820,554,1307,26599,3073,2097,1740,30035,7292,350,1537,90,89,5364,13564,28,32893,6843,491,290254,1821,1739,1359,245,244,3971,2330,4969],"class_list":["post-526015","post","type-post","status-publish","format-standard","has-post-thumbnail","category-calcio","tag-accelerare","tag-atalanta","tag-calcio","tag-campionato","tag-city","tag-club","tag-crescita","tag-dettaglio","tag-esterno","tag-far","tag-football","tag-intende","tag-intenzione","tag-inter","tag-it","tag-italia","tag-italy","tag-manchester","tag-manchester-city","tag-milano","tag-newcastle","tag-palestra","tag-percorso","tag-percorso-crescita","tag-serie","tag-soccer","tag-societa","tag-sport","tag-sports","tag-tempi","tag-volonta","tag-vuole"],"share_on_mastodon":{"url":"https:\/\/pubeurope.com\/@it\/116701767209842350","error":""},"_links":{"self":[{"href":"https:\/\/www.europesays.com\/it\/wp-json\/wp\/v2\/posts\/526015","targetHints":{"allow":["GET"]}}],"collection":[{"href":"https:\/\/www.europesays.com\/it\/wp-json\/wp\/v2\/posts"}],"about":[{"href":"https:\/\/www.europesays.com\/it\/wp-json\/wp\/v2\/types\/post"}],"author":[{"embeddable":true,"href":"https:\/\/www.europesays.com\/it\/wp-json\/wp\/v2\/users\/3"}],"replies":[{"embeddable":true,"href":"https:\/\/www.europesays.com\/it\/wp-json\/wp\/v2\/comments?post=526015"}],"version-history":[{"count":0,"href":"https:\/\/www.europesays.com\/it\/wp-json\/wp\/v2\/posts\/526015\/revisions"}],"wp:featuredmedia":[{"embeddable":true,"href":"https:\/\/www.europesays.com\/it\/wp-json\/wp\/v2\/media\/526016"}],"wp:attachment":[{"href":"https:\/\/www.europesays.com\/it\/wp-json\/wp\/v2\/media?parent=526015"}],"wp:term":[{"taxonomy":"category","embeddable":true,"href":"https:\/\/www.europesays.com\/it\/wp-json\/wp\/v2\/categories?post=526015"},{"taxonomy":"post_tag","embeddable":true,"href":"https:\/\/www.europesays.com\/it\/wp-json\/wp\/v2\/tags?post=526015"}],"curies":[{"name":"wp","href":"https:\/\/api.w.org\/{rel}","templated":true}]}}