{"id":526041,"date":"2026-06-06T06:55:14","date_gmt":"2026-06-06T06:55:14","guid":{"rendered":"https:\/\/www.europesays.com\/it\/526041\/"},"modified":"2026-06-06T06:55:14","modified_gmt":"2026-06-06T06:55:14","slug":"la-bicicletta-per-diffondere-lo-sport-in-tutte-le-fasce-deta","status":"publish","type":"post","link":"https:\/\/www.europesays.com\/it\/526041\/","title":{"rendered":"LA BICICLETTA PER DIFFONDERE LO SPORT IN TUTTE LE FASCE D&#8217;ETA&#8217;"},"content":{"rendered":"<p>&#8220;Il ruolo abilitante dello sport per raggiungere gli obiettivi dell&#8217;UE e il futuro sostegno nel Quadro finanziario pluriennale 2028\u20132034&#8221; \u00e8 il titolo dell&#8217;evento dedicato al ruolo dello sport nel prossimo Quadro finanziario pluriennale 2028\u20132034, che si \u00e8 tenuto ieri a Bruxelles, organizzato dal Comitato europeo delle regioni e dal Comitato Olimpico Europeo, condiviso con il Commissario europeo per l\u2019equit\u00e0 intergenerazionale, la giovent\u00f9, la cultura e lo sport, <strong>Glenn Micallef<\/strong> e i relatori del Parlamento europeo <strong>Bogdan Zdrojewski<\/strong> per l\u2019Erasmus+ e Marcos Ros per Fondi Erdf.\u00a0\n            <\/p>\n<p>Dalla sessione \u00e8 emersa la richiesta unanime di riconoscere lo sport come investimento strategico nell\u2019infrastruttura sociale europea, rafforzando risorse, sinergie e accessibilit\u00e0 dei finanziamenti per it territori e le realt\u00e0 locali.\n            <\/p>\n<p>Il relatore unico di Erasmus+ del Comitato delle Regioni, <strong>Roberto Pella,<\/strong> in rappresentanza dei 27 Paesi europei, si \u00e8 cos\u00ec espresso: \u00abRingrazio il commissario europeo Micallef per aver accolto molte delle nostre proposte approvate il 5 maggio durante la sessione plenaria al Parlamento europeo, alla quale era presente anche il ministro italiano Andrea Abodi. Erasmus+ deve raggiungere pi\u00f9 giovani e pi\u00f9 territori, con particolare attenzione alle aree interne, rurali, periferiche che oggi incontrano barriere nell\u2019accesso alle opportunit\u00e0 europee. Per questo abbiamo ottenuto non solo un aumento delle risorse (circa 40 miliardi di euro), ma procedure semplificate e un\u2019attuazione locale rafforzata che permetta a regioni, comuni e successivamente ad associazioni giovanili e sportive di partecipare efficacemente ai finanziamenti \u00a0europei\u00bb.<\/p>\n<p>Pella ha poi aggiunto: \u00abI fondi strutturali destinati allo sport e all\u2019impiantistica devono sostenere le nostre infrastrutture sportive: l\u2019obiettivo \u00e8 indirizzare i finanziamenti direttamente a regioni e comuni, tramite le agenzie nazionali, affinch\u00e9 possano intercettarli e tradurli in progetti concreti sul territorio, coinvolgendo i circa 100.000 municipi. In parallelo abbiamo definito sinergie tra Erasmus+, Fondo sociale europeo, fondi strutturali attraverso piani di partenariato nazionali e transfrontalieri attraverso una forte dimensione territoriale, che se programmati insieme possono arrivare a centinaia e centinaia di miliardi di euro.<\/p>\n<p>Durante il dibattito Pella ha sottolineato come sport e salute siano concetti inscindibili: \u00ab<strong>L\u2019attivit\u00e0 fisica \u00e8 uno strumento strategico per la prevenzione delle malattie non trasmissibili e per lo sviluppo sociale<\/strong>. Per questo va incoraggiata l\u2019integrazione delle politiche sportive con quelle della sanit\u00e0 pubblica, della cultura e dell\u2019istruzione, favorendo il coordinamento tra le direzioni generali competenti della Commissione Europea, il Comitato delle Regioni e il Comitato Olimpico\u00bb.<\/p>\n<p>Sul piano economico e sociale \u00e8 stato evidenziato il ruolo dello sport nella <strong>promozione della parit\u00e0 di opportunit\u00e0<\/strong>, nel sostegno alle attivit\u00e0 rivolte ai giovani e alle donne, nell\u2019inclusione sociale e come volano per il turismo. In particolare, Pella ha indicato il <strong>la bicicletta e il cicloturismo, la corsa e il cammino, spazi sportivi nei parchi, come leve strategiche per la valorizzazione dei territori e la diffusione dello sport verso tutte le fasce di et\u00e0<\/strong> . Il questa ottica sono state citate le best practice italiane da sostenere e replicare in ambito europeo : \u00abSport nei parchi\u00bb ( 1.000 comuni ) e \u00abBici in comune\u00bb ( 2.100 \u00a0comuni ), iniziative molto partecipate e promosse con convinzione da Ministero dello Sport, Sport e Salute Anci e Regioni e che dimostrano come finanziare direttamente regioni e comuni possa produrre risultati rapidi e tangibili per le comunit\u00e0.<\/p>\n<p>La visione \u00e8 chiara: \u00abRafforzare Erasmus+ e collegare in modo strutturato gli strumenti europei per lo sport significa investire in salute pubblica, coesione territoriale, inclusione e sviluppo economico\u201d<\/p>\n","protected":false},"excerpt":{"rendered":"&#8220;Il ruolo abilitante dello sport per raggiungere gli obiettivi dell&#8217;UE e il futuro sostegno nel Quadro finanziario pluriennale&hellip;\n","protected":false},"author":3,"featured_media":526042,"comment_status":"","ping_status":"","sticky":false,"template":"","format":"standard","meta":{"footnotes":"","_share_on_mastodon":"0"},"categories":[1456],"tags":[1653,1824,1825,61211,1537,90,89,854,118565,245,244,997],"class_list":["post-526041","post","type-post","status-publish","format-standard","has-post-thumbnail","category-ciclismo","tag-bicicletta","tag-ciclismo","tag-cycling","tag-erasmus","tag-it","tag-italia","tag-italy","tag-obiettivi","tag-roberto-pella","tag-sport","tag-sports","tag-ue"],"share_on_mastodon":{"url":"https:\/\/pubeurope.com\/@it\/116701857166145094","error":""},"_links":{"self":[{"href":"https:\/\/www.europesays.com\/it\/wp-json\/wp\/v2\/posts\/526041","targetHints":{"allow":["GET"]}}],"collection":[{"href":"https:\/\/www.europesays.com\/it\/wp-json\/wp\/v2\/posts"}],"about":[{"href":"https:\/\/www.europesays.com\/it\/wp-json\/wp\/v2\/types\/post"}],"author":[{"embeddable":true,"href":"https:\/\/www.europesays.com\/it\/wp-json\/wp\/v2\/users\/3"}],"replies":[{"embeddable":true,"href":"https:\/\/www.europesays.com\/it\/wp-json\/wp\/v2\/comments?post=526041"}],"version-history":[{"count":0,"href":"https:\/\/www.europesays.com\/it\/wp-json\/wp\/v2\/posts\/526041\/revisions"}],"wp:featuredmedia":[{"embeddable":true,"href":"https:\/\/www.europesays.com\/it\/wp-json\/wp\/v2\/media\/526042"}],"wp:attachment":[{"href":"https:\/\/www.europesays.com\/it\/wp-json\/wp\/v2\/media?parent=526041"}],"wp:term":[{"taxonomy":"category","embeddable":true,"href":"https:\/\/www.europesays.com\/it\/wp-json\/wp\/v2\/categories?post=526041"},{"taxonomy":"post_tag","embeddable":true,"href":"https:\/\/www.europesays.com\/it\/wp-json\/wp\/v2\/tags?post=526041"}],"curies":[{"name":"wp","href":"https:\/\/api.w.org\/{rel}","templated":true}]}}