{"id":526135,"date":"2026-06-06T08:07:14","date_gmt":"2026-06-06T08:07:14","guid":{"rendered":"https:\/\/www.europesays.com\/it\/526135\/"},"modified":"2026-06-06T08:07:14","modified_gmt":"2026-06-06T08:07:14","slug":"porto-santelpidio-esplode-una-palazzina-allalba-un-morto-due-feriti-un-estratto-vivo-mentre-si-cerca-ancora-una-donna","status":"publish","type":"post","link":"https:\/\/www.europesays.com\/it\/526135\/","title":{"rendered":"Porto Sant\u2019Elpidio, esplode una palazzina all\u2019alba: un morto, due feriti, un estratto vivo mentre si cerca ancora una donna"},"content":{"rendered":"<p>    di<br \/>\n    Alessio Ribaudo<\/p>\n<p class=\"summary-art is-line-h-12\">La deflagrazione poco dopo le 5. L\u2019ipotesi \u00e8 lo scoppio di una bombola di gas. Un uomo \u00e8 morto, due anziani sono stati soccorsi e trasferiti negli ospedali di Fermo e Torrette, mentre un ragazzo \u00e8 stato estratto vivo dalle macerie. Il sindaco Ciarpella: \u00abUna tragedia immane, si scava per cercare una donna ancora dispersa, speriamo che il bilancio non si aggravi\u00bb<\/p>\n<p class=\"chapter-paragraph\">Il boato \u00e8 arrivato quando erano da poco passate le cinque. Un\u2019esplosione violenta, poi il crollo. In pochi secondi una palazzina di due piani a Porto Sant\u2019Elpidio, nel Fermano, si \u00e8 sbriciolata lasciando<b> sotto le macerie almeno una\u00a0 vittima.<\/b>\u00a0<b>Il bilancio provvisorio parla anche di due feriti che sarebbero i suoi genitori anziani.<\/b>\u00a0Uno \u00e8 stata soccorso e trasportato all\u2019ospedale di Fermo, un\u2019altra \u00e8 stata caricata sull\u2019eliambulanza e trasferita all\u2019ospedale regionale di Torrette, ad Ancona. Le condizioni vengono valutate dai medici. Invece \u00e8 stato estratto vivo un ragazzo mentre si starebbe cercando\u00a0ancora la madre. <b>Nello stabile risultano residenti due nuclei familiari:<\/b> del primo avrebbe fatto parte l\u2019uomo deceduto, insieme ai genitori rimasti feriti; dell\u2019altro, due persone, tra cui il ragazzo salvato e una donna che risulterebbe ancora dispersa.<\/p>\n<p>    Le ipotesi<\/p>\n<p class=\"chapter-paragraph\"><b>La prima ipotesi \u00e8 quella di una deflagrazione provocata dallo scoppio di una bombola di gas, ma saranno i vigili del fuoco e gli investigatori a stabilire cosa abbia innescato l\u2019esplosione.<\/b>\u00a0Le chiamate al 112 sono arrivate da una via vicina alla statale Adriatica, svegliata di colpo dal rumore e dalla polvere.\u00a0Sul posto sono intervenuti una trentina di soccorritori fra sanitari del 118, vigili del fuoco, carabinieri, polizia e polizia locale. Le squadre stanno scavando tra i detriti\u00a0 con\u00a0droni, unit\u00e0 cinofile ed\u00a0escavatori. L\u2019area \u00e8 stata isolata, mentre proseguono le verifiche sulla stabilit\u00e0 della struttura e sugli edifici vicini. Due persone che vivevano nell&#8217;appartamento adiacente sono state portate in salvo dai pompieri grazie a un&#8217;autoscala.\u00a0    &#13;<br \/>\n&#13;<br \/>\n&#13;<br \/>\n&#13;<br \/>\n&#13;<br \/>\n&#13;<br \/>\n&#13;<br \/>\n&#13;<br \/>\n&#13;<br \/>\n&#13;<br \/>\n&#13;<br \/>\n&#13;<br \/>\n&#13;<br \/>\n&#13;<br \/>\n&#13;<br \/>\n&#13;<br \/>\n&#13;<br \/>\n&#13;<br \/>\n&#13;<br \/>\n&#13;<br \/>\n&#13;<br \/>\n&#13;<br \/>\n&#13;<br \/>\n&#13;<br \/>\n&#13;<br \/>\n&#13;<br \/>\n&#13;<br \/>\n&#13;<br \/>\n&#13;<br \/>\n&#13;<br \/>\n&#13;<br \/>\n&#13;<br \/>\n&#13;<br \/>\n&#13;<br \/>\n&#13;<br \/>\n&#13;<br \/>\n&#13;<br \/>\n&#13;<br \/>\n&#13;<br \/>\n&#13;<br \/>\n&#13;<br \/>\n&#13;<br \/>\n&#13;<br \/>\n&#13;<br \/>\n&#13;<br \/>\n&#13;<br \/>\n&#13;<br \/>\n&#13;<br \/>\n&#13;<br \/>\n&#13;<br \/>\n&#13;<br \/>\n&#13;<br \/>\n&#13;\n<\/p>\n<p>    Il cordoglio<\/p>\n<p class=\"chapter-paragraph\"><b>\u00ab\u00c8 una tragedia immane. Tutti i soccorritori sono al lavoro per capire se sotto le macerie ci sia ancora una donna. Speriamo che il bilancio non si aggravi\u00bb, dice il sindaco di Porto Sant\u2019Elpidio, Massimiliano Ciarpella.<\/b>\u00a0Il primo cittadino sin dalle prime ore sta seguendo le operazioni di soccorso insieme al suo assessore alla protezione ai vigili del fuoco, alle forze dell\u2019ordine e ai sanitari del 118.\u00a0<\/p>\n<p class=\"is-last-update\" datetime=\"2026-06-06T09:50:04+02:00\">6 giugno 2026 ( modifica il 6 giugno 2026 | 09:50)<\/p>\n<p class=\"is-copyright\">\n            \u00a9 RIPRODUZIONE RISERVATA\n        <\/p>\n","protected":false},"excerpt":{"rendered":"di Alessio Ribaudo La deflagrazione poco dopo le 5. L\u2019ipotesi \u00e8 lo scoppio di una bombola di gas.&hellip;\n","protected":false},"author":3,"featured_media":526136,"comment_status":"","ping_status":"","sticky":false,"template":"","format":"standard","meta":{"footnotes":"","_share_on_mastodon":"0"},"categories":[6],"tags":[58664,1536,1033,290322,101432,101433,290323,14,101444,1731,52029,23237,118959,826,783,8,2460,1537,90,89,13767,7,15,82,9,83,10,2755,149302,290320,5402,2869,290321,13,11,80,84,12,81,85,6162,6163,15288],"class_list":["post-526135","post","type-post","status-publish","format-standard","has-post-thumbnail","category-ultime-notizie","tag-aggravi","tag-anziani","tag-bilancio","tag-bilancio-aggravi","tag-bombola","tag-bombola-gas","tag-ciarpella","tag-cronaca","tag-deflagrazione","tag-donna","tag-elpidio","tag-estratto","tag-estratto-vivo","tag-feriti","tag-fuoco","tag-headlines","tag-ipotesi","tag-it","tag-italia","tag-italy","tag-macerie","tag-news","tag-notizie","tag-notizie-di-cronaca","tag-notizie-principali","tag-notiziedicronaca","tag-notizieprincipali","tag-porto","tag-porto-sant","tag-porto-sant-elpidio","tag-ragazzo","tag-sant","tag-sant-elpidio","tag-titoli","tag-ultime-notizie","tag-ultime-notizie-di-cronaca","tag-ultime-notizie-e-news-di-oggi","tag-ultimenotizie","tag-ultimenotiziedicronaca","tag-ultimenotizieenewsdioggi","tag-vigili","tag-vigili-fuoco","tag-vivo"],"share_on_mastodon":{"url":"","error":"Validation failed: Text character limit of 500 exceeded"},"_links":{"self":[{"href":"https:\/\/www.europesays.com\/it\/wp-json\/wp\/v2\/posts\/526135","targetHints":{"allow":["GET"]}}],"collection":[{"href":"https:\/\/www.europesays.com\/it\/wp-json\/wp\/v2\/posts"}],"about":[{"href":"https:\/\/www.europesays.com\/it\/wp-json\/wp\/v2\/types\/post"}],"author":[{"embeddable":true,"href":"https:\/\/www.europesays.com\/it\/wp-json\/wp\/v2\/users\/3"}],"replies":[{"embeddable":true,"href":"https:\/\/www.europesays.com\/it\/wp-json\/wp\/v2\/comments?post=526135"}],"version-history":[{"count":0,"href":"https:\/\/www.europesays.com\/it\/wp-json\/wp\/v2\/posts\/526135\/revisions"}],"wp:featuredmedia":[{"embeddable":true,"href":"https:\/\/www.europesays.com\/it\/wp-json\/wp\/v2\/media\/526136"}],"wp:attachment":[{"href":"https:\/\/www.europesays.com\/it\/wp-json\/wp\/v2\/media?parent=526135"}],"wp:term":[{"taxonomy":"category","embeddable":true,"href":"https:\/\/www.europesays.com\/it\/wp-json\/wp\/v2\/categories?post=526135"},{"taxonomy":"post_tag","embeddable":true,"href":"https:\/\/www.europesays.com\/it\/wp-json\/wp\/v2\/tags?post=526135"}],"curies":[{"name":"wp","href":"https:\/\/api.w.org\/{rel}","templated":true}]}}