{"id":526145,"date":"2026-06-06T08:21:14","date_gmt":"2026-06-06T08:21:14","guid":{"rendered":"https:\/\/www.europesays.com\/it\/526145\/"},"modified":"2026-06-06T08:21:14","modified_gmt":"2026-06-06T08:21:14","slug":"sharon-stone-sapevo-che-i-miei-tumori-al-seno-non-erano-maligni-ma-i-medici-che-mi-hanno-operata-non-mi-credevano-loncologa-oggi-una-diagnosi-sempre-piu-precisa-e-personalizzata","status":"publish","type":"post","link":"https:\/\/www.europesays.com\/it\/526145\/","title":{"rendered":"Sharon Stone: \u00abSapevo che i miei tumori al seno non erano maligni, ma i medici che mi hanno operata non mi credevano\u00bb. L&#8217;oncologa: \u00abOggi una diagnosi sempre pi\u00f9 precisa e personalizzata, consente di evitare interventi inutilmente invasivi\u00bb"},"content":{"rendered":"<p class=\"has-dropcap body dropcap\">Sesto senso, intuito, connessione fortissima con il proprio corpo? Qualunque sia la spiegazione, <a href=\"https:\/\/www.vanityfair.it\/gallery\/festival-cannes-2026-look-abiti-outfit-vestiti-red-carpet-settima-serata-sharon-stone\" rel=\"nofollow noopener\" target=\"_blank\"><strong>Sharon Stone<\/strong><\/a> sapeva che i <a href=\"https:\/\/www.vanityfair.it\/article\/recidiva-del-tumore-al-seno-a-rischio-una-donna-su-cinque-nei-primi-dieci-anni-ma-la-buona-notizia-ce-oggi-si-puo-giocare-danticipo\" rel=\"nofollow noopener\" target=\"_blank\"><strong>tumori al seno<\/strong><\/a> che le erano stati diagnosticati a <strong>inizio anni 2000<\/strong> dai medici <strong>non erano maligni<\/strong>. Se lo sentiva. Lo ha raccontato la stessa attrice americana, oggi 68 anni. Ospite del <strong>podcast <a data-offer-url=\"https:\/\/podcasts.apple.com\/us\/podcast\/sharon-stone-on-abuse-death-and-who-believed-in-her\/id1877266132?i=1000770555732\" class=\"external-link\" data-event-click=\"{&quot;element&quot;:&quot;ExternalLink&quot;,&quot;outgoingURL&quot;:&quot;https:\/\/podcasts.apple.com\/us\/podcast\/sharon-stone-on-abuse-death-and-who-believed-in-her\/id1877266132?i=1000770555732&quot;}\" href=\"https:\/\/podcasts.apple.com\/us\/podcast\/sharon-stone-on-abuse-death-and-who-believed-in-her\/id1877266132?i=1000770555732\" rel=\"nofollow noopener\" target=\"_blank\">The Person Who Believed in Me<\/a><\/strong>, <a href=\"https:\/\/www.vanityfair.it\/article\/massaggio-viso-sharon-kyoto-kobido-tecnica-schiaffi\" rel=\"nofollow noopener\" target=\"_blank\">Sharon Stone<\/a> ha ricordato quanto avvenuto in quella circostanza: \u00ab<strong>Uno di questi tumori era pi\u00f9 grande dell\u2019intero mio seno sinistro.<\/strong> Il medico venne direttamente a casa mia e mi disse: \u201cAscolti, pensiamo che <strong>dovrebbe sottoporsi a una mastectomia bilaterale<\/strong>. La situazione \u00e8 molto seria. Quando le masse arrivano a estendersi fin quass\u00f9, di solito <strong>sappiamo gi\u00e0 prima dell\u2019intervento che si tratta di cancro maligno<\/strong>\u201d. Io per\u00f2 <strong>gli dissi che non erano maligni<\/strong>, ribadii che mi sarei sottoposta all&#8217;intervento, ma che <strong>ero certa<\/strong> che non fossero tumori maligni\u00bb.<\/p>\n<p>La presa di posizione di Sharon Stone<\/p>\n<p>\u00abContinuavo a dire al medico: <strong>\u201cGuardate che non ho il cancro\u201d<\/strong>\u00bb, ha raccontato <a href=\"https:\/\/www.vanityfair.it\/article\/sharon-stone-bacio-robert-de-niro-migliore-carriera\" rel=\"nofollow noopener\" target=\"_blank\">Sharon Stone<\/a> nel corso dell&#8217;intervista. \u00abE lui mi rispondeva: <strong>\u201cNon spetta a lei deciderlo\u201d<\/strong>\u00bb. Onde evitare rischi, la star del cinema ha quindi scelto di farsi operare, ma l&#8217;<strong>intervento si \u00e8 \u201climitato\u201d allo svuotamento del seno dalle forme tumorali<\/strong>, evitando la doppia mastectomia. Il motivo? Effettivamente la star del cinema aveva ragione e <strong>nessuno dei due tumori al seno era di tipo maligno<\/strong>, da cui la scelta di non rimuovere il seno, come sembrava inizialmente fosse necessario. \u00ab<strong>Ricordo al risveglio dall&#8217;anestesia<\/strong>, un gruppo di 12 medici tutti <strong>riuniti attorno a me<\/strong>, tanto da farmi chiedere: &#8220;Cos&#8217;\u00e8 mai successo&#8221;?&#8221;. <strong>Quindi il medico che mi aveva operato mi disse: \u201cLei non ha il cancro!\u201d<\/strong>. E io risposi: \u201cCerto che non ce l&#8217;ho, ve l&#8217;avevo detto\u201d\u00bb. Quindi Sharon Stone ha spiegato con amarezza di come in quel contesto abbia capito che <strong>era finita con il marito Phil Bronstein<\/strong>, il quale <strong>contest\u00f2<\/strong> fermamente la scelta dell&#8217;attrice di <strong>farsi operare<\/strong> in via preventiva, arrivando a definire questa decisione \u00abridicola\u00bb.<\/p>\n","protected":false},"excerpt":{"rendered":"Sesto senso, intuito, connessione fortissima con il proprio corpo? Qualunque sia la spiegazione, Sharon Stone sapeva che i&hellip;\n","protected":false},"author":3,"featured_media":526146,"comment_status":"","ping_status":"","sticky":false,"template":"","format":"standard","meta":{"footnotes":"","_share_on_mastodon":"0"},"categories":[1451],"tags":[1621,1620,203,204,1537,90,89,240,29552,1900,1947],"class_list":["post-526145","post","type-post","status-publish","format-standard","has-post-thumbnail","category-celebrita","tag-celebrita","tag-celebrities","tag-entertainment","tag-intrattenimento","tag-it","tag-italia","tag-italy","tag-salute","tag-sharon-stone","tag-tumore","tag-tumore-al-seno"],"share_on_mastodon":{"url":"https:\/\/pubeurope.com\/@it\/116702195811988980","error":""},"_links":{"self":[{"href":"https:\/\/www.europesays.com\/it\/wp-json\/wp\/v2\/posts\/526145","targetHints":{"allow":["GET"]}}],"collection":[{"href":"https:\/\/www.europesays.com\/it\/wp-json\/wp\/v2\/posts"}],"about":[{"href":"https:\/\/www.europesays.com\/it\/wp-json\/wp\/v2\/types\/post"}],"author":[{"embeddable":true,"href":"https:\/\/www.europesays.com\/it\/wp-json\/wp\/v2\/users\/3"}],"replies":[{"embeddable":true,"href":"https:\/\/www.europesays.com\/it\/wp-json\/wp\/v2\/comments?post=526145"}],"version-history":[{"count":0,"href":"https:\/\/www.europesays.com\/it\/wp-json\/wp\/v2\/posts\/526145\/revisions"}],"wp:featuredmedia":[{"embeddable":true,"href":"https:\/\/www.europesays.com\/it\/wp-json\/wp\/v2\/media\/526146"}],"wp:attachment":[{"href":"https:\/\/www.europesays.com\/it\/wp-json\/wp\/v2\/media?parent=526145"}],"wp:term":[{"taxonomy":"category","embeddable":true,"href":"https:\/\/www.europesays.com\/it\/wp-json\/wp\/v2\/categories?post=526145"},{"taxonomy":"post_tag","embeddable":true,"href":"https:\/\/www.europesays.com\/it\/wp-json\/wp\/v2\/tags?post=526145"}],"curies":[{"name":"wp","href":"https:\/\/api.w.org\/{rel}","templated":true}]}}