{"id":526204,"date":"2026-06-06T09:14:14","date_gmt":"2026-06-06T09:14:14","guid":{"rendered":"https:\/\/www.europesays.com\/it\/526204\/"},"modified":"2026-06-06T09:14:14","modified_gmt":"2026-06-06T09:14:14","slug":"juventus-maignan-perche-si-puo-fare-contatti-in-corso","status":"publish","type":"post","link":"https:\/\/www.europesays.com\/it\/526204\/","title":{"rendered":"Juventus-Maignan, perch\u00e9 si pu\u00f2 fare.Contatti in corso"},"content":{"rendered":"<p>                                Il club bianconero aveva fatto un sondaggio per il francese lo scorso autunno, ora l&#8217;affare pu\u00f2 tornare caldo. Nella lista dei bianconeri ci sono anche Vicario e il Dibu Martinez<\/p>\n<p class=\"paragraph\" spellcheck=\"true\">La Juventus ha scoperto con chi debutter\u00e0 in campionato, ma non ancora chi schierer\u00e0 tra i pali il 23 agosto a Frosinone. L\u2019unica certezza \u00e8 che il primo portiere bianconero nel 2025-26 non sar\u00e0 pi\u00f9 Michele Di Gregorio. A confermarlo una volta di pi\u00f9 sono i movimenti dell\u2019ad Damien Comolli e dei suoi collaboratori. I dirigenti hanno garantito a Luciano Spalletti colpi in tutti i reparti, ma principalmente in attacco e in porta. Contatti, sondaggi e incontri proseguono dopo il dietrofront del Liverpool su Alisson, da mesi promesso sposo della Signora ma congelato negli ultimi giorni a causa del muro inglese. Spalletti non l\u2019ha presa bene, per\u00f2 in cuor suo spera ancora in un miracolo. Comolli deve essere pi\u00f9 pragmatico e pratico e cos\u00ec da una settimana ha cominciato a guardarsi intorno puntando i radar su i numeri uno esperti e in qualche modo raggiungibili. Tra Guglielmo Vicario del Tottenham \u2013 segnalato in pole position \u2013 e Emiliano \u201cDibu\u201d Martinez dell\u2019Aston Villa, i bianconeri hanno sondato un vecchio pallino: il milanista Mike Maignan.<\/p>\n<p>    Ritorno di fiamma\u2014 \u00a0<\/p>\n<p class=\"paragraph is-inline\" spellcheck=\"true\">In Francia dicono che sia stata la Juventus a rinfrescare i contatti con l\u2019entourage del portiere della nazionale di Didier Deschamps. Alla Continassa, invece, sostengono esattamente il contrario. La sostanza, per\u00f2, non cambia di molto. C\u2019\u00e8 anche Maignan tra i numeri uno della lista bianconera per il post Di Gregorio. Un classico ritorno di fiamma. Gi\u00e0, perch\u00e9 la Juventus aveva pensato a \u201cMagic Mike\u201d lo scorso autunno, quando l\u2019ex Lilla era in scadenza di contratto e il rinnovo col Milan sembrava complicato. Alla fine, anche grazie alla mediazione di Massimiliano Allegri, Maignan si \u00e8 legato al Milan fino al 2031: contratto lungo e ricco (5 milioni pi\u00f9 bonus). Ma un po\u2019 l\u2019addio di Allegri e un po\u2019 il momento dei rossoneri, alle prese con una rivoluzione totale, hanno riacceso la vecchia fiammella. Operazione non semplice, per\u00f2 intanto qualcosa si muove. Se rester\u00e0 un\u2019idea o evolver\u00e0 in un discorso concreto si capir\u00e0 nelle prossime settimane. Dipender\u00e0 dai progetti del portiere e anche da quelli del nuovo Milan  di Cardinale.<\/p>\n<p><a class=\"is-partner-link\" href=\"https:\/\/fantacampionato.gazzetta.it\/home?intcmp=CTAMondiale26\" rel=\"nofollow noopener\" target=\"_blank\">Dimostra di essere il migliore: il fantaconcorso pi\u00f9 ricco d&#8217;Italia diventa Mondiale! Abbonati a soli 9,99\u20ac<\/a><\/p>\n<p>    in prima fila\u2014 \u00a0<\/p>\n<p class=\"paragraph is-inline\" spellcheck=\"true\">Il nome di Maignan si (ri)aggiunge alla lista portieri della Juve. Un \u201cfile\u201d in questo momento dominato dall\u2019azzurro Guglielmo Vicario, che zitto zitto ogni giorno guadagna punti e posizioni. Il vice Donnarumma della Nazionale ha 29 anni e vorrebbe tornare in Serie A. Il Tottenham sembra disposto ad accontentarlo, ovviamente solo a certe cifre. A ruota dell\u2019azzurro resiste il 33enne Martinez, campione del mondo con l\u2019Argentina e fresco vincitore dell\u2019Europa League con l\u2019Aston Villa. Alisson chiude il podio, ma ha sempre l\u2019asterisco legato alla rivoluzione del Liverpool. Ad Anfield sta cambiando tutto, non la posizione sul brasiliano: se il nuovo tecnico Iraola dovesse variare i programmi, l\u2019ex Roma riabbraccerebbe Spalletti. Sullo sfondo De Gea (Fiorentina) e Nubel (Bayern).<\/p>\n<p class=\"is-copyright\">\u00a9 RIPRODUZIONE RISERVATA<\/p>\n","protected":false},"excerpt":{"rendered":"Il club bianconero aveva fatto un sondaggio per il francese lo scorso autunno, ora l&#8217;affare pu\u00f2 tornare caldo.&hellip;\n","protected":false},"author":3,"featured_media":526205,"comment_status":"","ping_status":"","sticky":false,"template":"","format":"standard","meta":{"footnotes":"","_share_on_mastodon":"0"},"categories":[1452],"tags":[2983,282358,70390,3076,2941,12771,5854,7920,585,10575,721,10572,4435,6693,59957,59958,3060,1740,56827,3201,151995,1537,90,89,565,558,9647,113,3978,13200,35788,14827,553,1294,2855,3675,1739,24806,245,244,66824],"class_list":["post-526204","post","type-post","status-publish","format-standard","has-post-thumbnail","category-calcio","tag-addio","tag-addio-allegri","tag-alisson","tag-allegri","tag-aston","tag-aston-villa","tag-autunno","tag-azzurro","tag-bianconeri","tag-bianconero","tag-calcio","tag-comolli","tag-contatti","tag-contratto","tag-dibu","tag-dibu-martinez","tag-fiamma","tag-football","tag-gregorio","tag-guglielmo","tag-guglielmo-vicario","tag-it","tag-italia","tag-italy","tag-juve","tag-juventus","tag-legato","tag-lista","tag-liverpool","tag-maignan","tag-martinez","tag-mike","tag-milan","tag-numeri","tag-portiere","tag-ritorno","tag-soccer","tag-spalletti","tag-sport","tag-sports","tag-vicario"],"share_on_mastodon":{"url":"https:\/\/pubeurope.com\/@it\/116702404256978623","error":""},"_links":{"self":[{"href":"https:\/\/www.europesays.com\/it\/wp-json\/wp\/v2\/posts\/526204","targetHints":{"allow":["GET"]}}],"collection":[{"href":"https:\/\/www.europesays.com\/it\/wp-json\/wp\/v2\/posts"}],"about":[{"href":"https:\/\/www.europesays.com\/it\/wp-json\/wp\/v2\/types\/post"}],"author":[{"embeddable":true,"href":"https:\/\/www.europesays.com\/it\/wp-json\/wp\/v2\/users\/3"}],"replies":[{"embeddable":true,"href":"https:\/\/www.europesays.com\/it\/wp-json\/wp\/v2\/comments?post=526204"}],"version-history":[{"count":0,"href":"https:\/\/www.europesays.com\/it\/wp-json\/wp\/v2\/posts\/526204\/revisions"}],"wp:featuredmedia":[{"embeddable":true,"href":"https:\/\/www.europesays.com\/it\/wp-json\/wp\/v2\/media\/526205"}],"wp:attachment":[{"href":"https:\/\/www.europesays.com\/it\/wp-json\/wp\/v2\/media?parent=526204"}],"wp:term":[{"taxonomy":"category","embeddable":true,"href":"https:\/\/www.europesays.com\/it\/wp-json\/wp\/v2\/categories?post=526204"},{"taxonomy":"post_tag","embeddable":true,"href":"https:\/\/www.europesays.com\/it\/wp-json\/wp\/v2\/tags?post=526204"}],"curies":[{"name":"wp","href":"https:\/\/api.w.org\/{rel}","templated":true}]}}