{"id":526313,"date":"2026-06-06T10:57:15","date_gmt":"2026-06-06T10:57:15","guid":{"rendered":"https:\/\/www.europesays.com\/it\/526313\/"},"modified":"2026-06-06T10:57:15","modified_gmt":"2026-06-06T10:57:15","slug":"favola-chwalinska-senza-soldi-per-lhotel-ora-puo-diventare-regina-del-roland-garros","status":"publish","type":"post","link":"https:\/\/www.europesays.com\/it\/526313\/","title":{"rendered":"Favola Chwalinska: senza soldi per l&#8217;hotel, ora pu\u00f2 diventare regina del Roland Garros"},"content":{"rendered":"<p>                                La polacca non ha sponsor: partita  da n.114, oggi alle 15  sfida in finale la  russa Andreeva e anche perdendo incasser\u00e0 pi\u00f9 di quanto guadagnato in carriera<\/p>\n<p>            <a class=\"image is-50x50\" href=\"https:\/\/www.gazzetta.it\/redazione\/marco-iaria\/\" rel=\"nofollow noopener\" target=\"_blank\"><br \/>\n                <img decoding=\"async\" class=\"is-rounded\" src=\"https:\/\/www.europesays.com\/it\/wp-content\/uploads\/2025\/10\/marco_iaria_avatar.png\" alt=\"Marco Iaria\"\/><br \/>\n            <\/a><\/p>\n<p>Giornalista<\/p>\n<p>                    6 giugno 2026 (modifica alle 11:15)  &#8211; MILANO<\/p>\n<p class=\"paragraph\" spellcheck=\"true\">Mentre avanzava clamorosamente nel tabellone principale del <a href=\"https:\/\/www.gazzetta.it\/Tennis\/wta\/slam\/roland-garros\/06-06-2026\/roland-garros-il-programma-di-sabato-6-giugno.shtml?intcmp=hyperlink-articolo-gazit\" title=\"Roland Garros, il programma: Andreeva sfida la favola Chwalinska per il titolo\" target=\"_blank\" rel=\"nofollow noopener\">Roland Garros<\/a>, lei che in carriera aveva vinto una sola partita in uno Slam, la preoccupazione principale di Maja Chwalinska era trovare i quattrini per pagarsi l\u2019albergo a Parigi. Numero 114 del mondo, proveniente dalle qualificazioni, non avrebbe mai immaginato di restare nella capitale francese per ben tre settimane. &#8220;Spero di avere abbastanza soldi. So che guadagner\u00f2 molto qui, ma i fondi non vengono trasferiti rapidamente. Pregate per me&#8221;, aveva detto dopo gli ottavi. L\u2019azienda polacca Oshee, gi\u00e0 partner dell\u2019amica e numero 3 del mondo Iga Swiatek, ha raccolto l\u2019appello ed \u00e8 intervenuta coprendo il soggiorno di Maja e della madre Marcela. Il suo logo, ora, campeggia sulla maglia dell\u2019outsider proveniente dalla Polonia, insieme a quello di un\u2019altra societ\u00e0 locale (Xtb). Il palcoscenico del grande tennis le ha portato in dote i primi sponsor. Non ancora quello tecnico. Gli outfit cambiano di partita in partita: una volta Nike, un\u2019altra Lacoste. &#8220;Mi compro da sola i completi e gioco con quelli che ho&#8221;, ha spiegato. Presto le cose cambieranno.\u00a0<\/p>\n<p>        premi\u2014 \u00a0<\/p>\n<p class=\"paragraph\" spellcheck=\"true\">Oggi, alle 15, Maja disputer\u00e0 la finale del singolare femminile contro la teenager rampante <a href=\"https:\/\/www.gazzetta.it\/Tennis\/wta\/slam\/roland-garros\/06-06-2026\/roland-garros-il-programma-di-sabato-6-giugno.shtml?intcmp=hyperlink-articolo-gazit\" title=\"Roland Garros, il programma: Andreeva sfida la favola Chwalinska per il titolo\" target=\"_blank\" rel=\"nofollow noopener\">Mirra Andreeva<\/a>. Il suo torneo, in fondo, l\u2019ha gi\u00e0 vinto. Anche in caso di sconfitta, porter\u00e0 a casa un assegno da 1,4 milioni di euro. Al lordo delle tasse, certo, ma comunque quasi il doppio di quanto abbia incassato in premi durante tutta la carriera (864 mila dollari). &#8220;Mi sembra di vivere in una bolla. Non so bene cosa stia succedendo&#8221;, ha raccontato in questi giorni. Il periodo pi\u00f9 duro della sua vita &#8211; la depressione che nel 2021 la indusse a prendersi una pausa di qualche mese dal tennis &#8211; \u00e8 ormai un lontano ricordo. L\u2019ex promessa juniores, a 24 anni, ha finalmente sprigionato il suo talento: luned\u00ec, nella peggiore delle ipotesi, salir\u00e0 al 21\u00b0 posto del ranking WTA (al 14\u00b0 in caso di trionfo).\u00a0<\/p>\n<p><a class=\"is-partner-link\" href=\"https:\/\/abbonamenti.gazzetta.it\/gplus-roland-garros\/?pwcmp=cta&amp;forceBrowser=true\" rel=\"nofollow noopener\" target=\"_blank\">Segui gli italiani al Roland Garros: abbonati a G+ a soli 0,99\u20ac\/mese<\/a><\/p>\n<p>        stile\u2014 \u00a0<\/p>\n<p class=\"paragraph\" spellcheck=\"true\">Quella di Chwalinska \u00e8 una favola d\u2019altri tempi, come il suo gioco. In un tour dominato dalle wonder women, questo scricciolo di 164 centimetri si affida a un repertorio vario, tra pallonetti e smorzate. &#8220;So di giocare un tennis diverso rispetto alla maggior parte delle ragazze del circuito. Non ho le caratteristiche fisiche per giocare con grande forza, quindi ho dovuto sviluppare armi diverse&#8221;. Anche l\u2019atto conclusivo di Parigi sar\u00e0 un contrasto di stili. La russa Mirra Andreeva, a soli 19 anni, \u00e8 gi\u00e0 numero 8 del mondo: vincendo oggi diventerebbe la pi\u00f9 giovane campionessa del Roland Garros dai tempi di Monica Seles (1992).<\/p>\n<p class=\"is-copyright\">\u00a9 RIPRODUZIONE RISERVATA<\/p>\n","protected":false},"excerpt":{"rendered":"La polacca non ha sponsor: partita da n.114, oggi alle 15 sfida in finale la russa Andreeva e&hellip;\n","protected":false},"author":3,"featured_media":526314,"comment_status":"","ping_status":"","sticky":false,"template":"","format":"standard","meta":{"footnotes":"","_share_on_mastodon":"0"},"categories":[1457],"tags":[13790,2537,57458,1902,288088,65734,1426,3650,1889,2024,1537,90,89,124142,76836,76837,1312,1289,1290,44293,13736,1291,103788,32851,14175,4152,1272,5244,2991,9436,245,244,3971,1273,2200],"class_list":["post-526313","post","type-post","status-publish","format-standard","has-post-thumbnail","category-tennis","tag-affida","tag-altra","tag-andreeva","tag-carriera","tag-chwalinska","tag-favola","tag-finale","tag-garros","tag-giocare","tag-gioco","tag-it","tag-italia","tag-italy","tag-maja","tag-mirra","tag-mirra-andreeva","tag-numero","tag-parigi","tag-partita","tag-polacca","tag-premi","tag-principale","tag-proveniente","tag-roland","tag-roland-garros","tag-russa","tag-so","tag-sola","tag-soldi","tag-sponsor","tag-sport","tag-sports","tag-tempi","tag-tennis","tag-vinto"],"share_on_mastodon":{"url":"https:\/\/pubeurope.com\/@it\/116702809273136111","error":""},"_links":{"self":[{"href":"https:\/\/www.europesays.com\/it\/wp-json\/wp\/v2\/posts\/526313","targetHints":{"allow":["GET"]}}],"collection":[{"href":"https:\/\/www.europesays.com\/it\/wp-json\/wp\/v2\/posts"}],"about":[{"href":"https:\/\/www.europesays.com\/it\/wp-json\/wp\/v2\/types\/post"}],"author":[{"embeddable":true,"href":"https:\/\/www.europesays.com\/it\/wp-json\/wp\/v2\/users\/3"}],"replies":[{"embeddable":true,"href":"https:\/\/www.europesays.com\/it\/wp-json\/wp\/v2\/comments?post=526313"}],"version-history":[{"count":0,"href":"https:\/\/www.europesays.com\/it\/wp-json\/wp\/v2\/posts\/526313\/revisions"}],"wp:featuredmedia":[{"embeddable":true,"href":"https:\/\/www.europesays.com\/it\/wp-json\/wp\/v2\/media\/526314"}],"wp:attachment":[{"href":"https:\/\/www.europesays.com\/it\/wp-json\/wp\/v2\/media?parent=526313"}],"wp:term":[{"taxonomy":"category","embeddable":true,"href":"https:\/\/www.europesays.com\/it\/wp-json\/wp\/v2\/categories?post=526313"},{"taxonomy":"post_tag","embeddable":true,"href":"https:\/\/www.europesays.com\/it\/wp-json\/wp\/v2\/tags?post=526313"}],"curies":[{"name":"wp","href":"https:\/\/api.w.org\/{rel}","templated":true}]}}