{"id":526408,"date":"2026-06-06T12:22:14","date_gmt":"2026-06-06T12:22:14","guid":{"rendered":"https:\/\/www.europesays.com\/it\/526408\/"},"modified":"2026-06-06T12:22:14","modified_gmt":"2026-06-06T12:22:14","slug":"stasera-per-la-virtus-uninfuocata-gara-4","status":"publish","type":"post","link":"https:\/\/www.europesays.com\/it\/526408\/","title":{"rendered":"Stasera per la Virtus un&#8217;infuocata gara 4"},"content":{"rendered":"<p>\t\t\t\t\t\t\tLa Virtus alle prese con una partita ad alto rischio : in Laguna far\u00e0 molto caldo perch\u00e8 le 3 partite precedenti hanno generato tensioni<\/p>\n<p><img fetchpriority=\"high\" decoding=\"async\" alt=\"\" width=\"916\" height=\"1146\"  src=\"https:\/\/www.europesays.com\/it\/wp-content\/uploads\/2026\/06\/DH-vs-Trento-play-off-240x300.jpg\" data- class=\" wp-image-85583 aligncenter lazyload\"\/><\/p>\n<p style=\"text-align: center\">Nella foto Virtus : il gladiatore e capitano della Virtus Daniel Hackett, sar\u00e0 regolarmente in campo questa sera in gara 4<\/p>\n<p><strong>Umana Reyer Venezia vs Virtus Olidata Bologna, gara 4, palla a due stasera 6 giugno ore 20 Palasport Taliercio (Mestre). Diretta Lba tv, Sky sport basket, Radio Nettuno Bologna Uno. Arbitri Manuel Attard, Gonella e Luconi<\/strong><\/p>\n<p>Hackett in campo per amor di giustizia<\/p>\n<p>La Fip pretendeva l\u2019obolo e l\u2019ha avuto, dopo la sceneggiata inqualificabile di gara 3. Tre arbitri insufficienti, ma lo sapevano tutti prima tranne il designatore, hanno combinato un pasticcio confezionando, per il giudice sportivo, un referto che ha continuato a parlare di una \u201ctestata\u201d quando, come confermano i filmati successivi, il contatto non c\u2019\u00e8 stato e nemmeno era voluto. Bravo Candi a provocare Hackett al punto da farlo espellere (in fondo lo paga la Reyer) perch\u00e8, col capitano in campo, forse gara 3 avrebbe preso un\u2019altra piega. Arbitri insufficienti, si diceva, perch\u00e8 il filmato dell\u2019instant replay \u00e8 stato chiamato dopo che l\u2019azione di gioco si era gi\u00e0 sviluppata (e quindi non pi\u00f9 visionabile) e la qualit\u00e0 delle immagini\u00a0 proposte non permettevano di cambiare la decisione assunta. Perfortuna grazie al reclamo\u00a0 urgente della Virtus, proposto dagli avv.ti Grassani e Carlutti la Corte Sportiva d\u2019Appello ha ridotto da 2 giornate a 1 la squalifica che \u00e8 diventata emendabile con la classica cauzione.<\/p>\n<p>Gara 4 si annuncia una battaglia<\/p>\n<p>Gi\u00e0 era una gara decisiva, poi il pregresso delle gare precedenti, rendono la partita di stasera una di quelle col bollino rosso, dentro e fuori dal campo. Perfortuna, questa volta almeno, l\u2019arbitraggio garantisce di poter tenere tranquilli i giocatori perch\u00e8 Manuel Attard \u00e8 il miglior arbitro Italiano, non lo dico io ma il premio che ha appena ricevuto dalla Fip. I 3 arbitri hanno un decalogo da seguire, fischiare i contatti perch\u00e8 in questo modo i giocatori si rendono conto che, se picchiano, rischiano grosso.<\/p>\n<p>La Virtus ha 3 assenze gravi, questo si sa, ma ha tutte le possibilit\u00e0 di portare la semifinale a gara 5. Servir\u00e0 per\u00f2 una prova collettiva importante in cui tutti si aiutino sui due lati del campo. Impossibile pensare che Carsen Edwards ripeta una prova straordinaria come gara 3 ma, anche dall\u2019altra parte, voglio vedere se Amedeo Tessitori a 48 ore di distanza, sar\u00e0 in grado di ripetersi.<\/p>\n<p>Il copione sar\u00e0 sempre quello : la Virtus pi\u00f9 forte nel pitturato, la Reyer con pi\u00f9 bocche da fuoco tra gli esterni ma, come sempre, conteranno tanti piccoli particolari all\u2019interno dei 40\u2032<\/p>\n<p>\u00a0<\/p>\n<p>\u00a0<\/p>\n<p>\u00a0<\/p>\n","protected":false},"excerpt":{"rendered":"La Virtus alle prese con una partita ad alto rischio : in Laguna far\u00e0 molto caldo perch\u00e8 le&hellip;\n","protected":false},"author":3,"featured_media":526409,"comment_status":"","ping_status":"","sticky":false,"template":"","format":"standard","meta":{"footnotes":"","_share_on_mastodon":"0"},"categories":[1453],"tags":[1756,1757,290455,290456,1537,90,89,7516,182656,290457,23621,245,244,9465,45046,7519],"class_list":["post-526408","post","type-post","status-publish","format-standard","has-post-thumbnail","category-basket","tag-basket","tag-basketball","tag-daniel-hackett-riabilitato","tag-gara-4-semifinale-play-off","tag-it","tag-italia","tag-italy","tag-lucio-bertoncelli","tag-out-vildoza","tag-pajola-ed-alston-jr","tag-palasport-taliercio","tag-sport","tag-sports","tag-umana-reyer-venezia","tag-virtus-olidata-bologna","tag-vpassion"],"share_on_mastodon":{"url":"https:\/\/pubeurope.com\/@it\/116703143856928663","error":""},"_links":{"self":[{"href":"https:\/\/www.europesays.com\/it\/wp-json\/wp\/v2\/posts\/526408","targetHints":{"allow":["GET"]}}],"collection":[{"href":"https:\/\/www.europesays.com\/it\/wp-json\/wp\/v2\/posts"}],"about":[{"href":"https:\/\/www.europesays.com\/it\/wp-json\/wp\/v2\/types\/post"}],"author":[{"embeddable":true,"href":"https:\/\/www.europesays.com\/it\/wp-json\/wp\/v2\/users\/3"}],"replies":[{"embeddable":true,"href":"https:\/\/www.europesays.com\/it\/wp-json\/wp\/v2\/comments?post=526408"}],"version-history":[{"count":0,"href":"https:\/\/www.europesays.com\/it\/wp-json\/wp\/v2\/posts\/526408\/revisions"}],"wp:featuredmedia":[{"embeddable":true,"href":"https:\/\/www.europesays.com\/it\/wp-json\/wp\/v2\/media\/526409"}],"wp:attachment":[{"href":"https:\/\/www.europesays.com\/it\/wp-json\/wp\/v2\/media?parent=526408"}],"wp:term":[{"taxonomy":"category","embeddable":true,"href":"https:\/\/www.europesays.com\/it\/wp-json\/wp\/v2\/categories?post=526408"},{"taxonomy":"post_tag","embeddable":true,"href":"https:\/\/www.europesays.com\/it\/wp-json\/wp\/v2\/tags?post=526408"}],"curies":[{"name":"wp","href":"https:\/\/api.w.org\/{rel}","templated":true}]}}