{"id":526412,"date":"2026-06-06T12:24:11","date_gmt":"2026-06-06T12:24:11","guid":{"rendered":"https:\/\/www.europesays.com\/it\/526412\/"},"modified":"2026-06-06T12:24:11","modified_gmt":"2026-06-06T12:24:11","slug":"camilla-ghini-figlia-di-massimo-papa-rovinato-dalla-politica-per-il-mio-cognome-ho-ricevuto-una-valanga-di-schifo","status":"publish","type":"post","link":"https:\/\/www.europesays.com\/it\/526412\/","title":{"rendered":"Camilla Ghini, figlia di Massimo: \u00abPap\u00e0 rovinato dalla politica. Per il mio cognome ho ricevuto una valanga di schifo\u00bb"},"content":{"rendered":"<p>&#13;<br \/>\n                               &#13;<br \/>\n                                                &#13;<br \/>\n                &#13;<\/p>\n<p>Tra radio e televisione come\u00a0speaker di <strong><a href=\"https:\/\/www.leggo.it\/t\/radio-105\" rel=\"nofollow noopener\" target=\"_blank\">Radio 105<\/a><\/strong> e volto di <strong><a href=\"https:\/\/www.leggo.it\/t\/forum\" rel=\"nofollow noopener\" target=\"_blank\">Forum<\/a><\/strong>, <strong><a href=\"https:\/\/www.leggo.it\/t\/camilla-ghini\" rel=\"nofollow noopener\" target=\"_blank\">Camilla Ghini<\/a><\/strong>, figlia di <strong><a href=\"https:\/\/www.leggo.it\/t\/massimo-ghini\" rel=\"nofollow noopener\" target=\"_blank\">Massimo Ghini<\/a><\/strong>,\u00a0ha costruito la sua strada professionale, passo dopo passo. Un cognome importante che, pur con il suo peso, non l&#8217;ha fatta desistere, andando invece sempre avanti e interrogandosi su ci\u00f2 che verr\u00e0 in futuro.<\/p>\n<p>&#13;<br \/>\n&#13;<br \/>\nAmore e vita&#13;<br \/>\n&#13;<\/p>\n<p>Come raccontato a Fanpage, Camilla Ghini ha ammesso di vivere una fase particolare della sua vita sentimentale. Single \u00abda un po&#8217; di\u00a0tempo\u00bb, la 32enne\u00a0ha <strong>spiegato di essersi quasi abituata a una quotidianit\u00e0 fatta di amici, lavoro e dei suoi gatti.<\/strong> \u00abMi sto quasi abituando. Come l\u2019abituarsi a stare a casa con i gatti\u00bb, ha scherzato. Dietro l\u2019ironia emerge, per\u00f2, una riflessione pi\u00f9 profonda. Ghini riconosce di avere la tendenza a cercare l\u2019approvazione degli altri e di essere spesso attratta da relazioni complicate. \u00abScelgo male perch\u00e9 ho un\u2019inguaribile sindrome della crocerossina\u00bb, ha confessato, spiegando come l\u2019ultima storia importante abbia lasciato segni ancora evidenti.<\/p>\n<p>&#13;<br \/>\n&#13;<br \/>\nIl peso del cognome&#13;<br \/>\n&#13;<\/p>\n<p>Figlia dell\u2019attore Massimo Ghini, Camilla non nasconde che il cognome abbia rappresentato talvolta un ostacolo pi\u00f9 che un vantaggio. Come lei stessa ha raccontato, il pregiudizio pi\u00f9 difficile da gestire non \u00e8 arrivato dal pubblico, ma dagli addetti ai lavori che spesso hanno attribuito i suoi risultati esclusivamente alla notoriet\u00e0 del padre. \u00abA Forum, quando ho iniziato che avevo 20 anni, mi \u00e8 arrivata una valanga di schifo\u00bb, ha affermato.<\/p>\n<p>&#13;<br \/>\n&#13;<\/p>\n<p>Parlando del padre, per\u00f2, prevale l\u2019orgoglio. <strong>Camilla ha sottolineato come la carriera di Massimo Ghini venga spesso ridotta ai Cinepanettoni, dimenticando collaborazioni prestigiose con registi e personalit\u00e0 del calibro di Franco Zeffirelli, Giorgio Strehler, Sean Penn e Francis Ford Coppola<\/strong>. <\/p>\n<p>Soprattutto, ha evidenziato il ruolo di &#8220;Massimo&#8221; come genitore: \u00ab\u00c8 un bravo pap\u00e0\u00bb, ha detto la 32enne, raccontando come negli anni abbia imparato a rispettare le inclinazioni e le scelte di tutti i figli, senza mai imporre percorsi prestabiliti.&#13;<br \/>\n&#13;<br \/>\nLa bulimia, la musica e i sogni per il futuro&#13;<br \/>\n&#13;<\/p>\n<p>Tra i momenti pi\u00f9 delicati dell&#8217;intervista emerge il ricordo della bulimia vissuta durante l\u2019adolescenza. Oggi Ghini interpreta quella fase come \u00abuna sorta di richiamo d\u2019aiuto\u00bb, uno sfogo attraverso il quale il corpo cercava di manifestare un disagio pi\u00f9 profondo. Guardandosi indietro, alla ragazza di allora direbbe semplicemente di volersi pi\u00f9 bene e di avere fiducia nel futuro. Una consapevolezza maturata nel tempo, insieme alla capacit\u00e0 di accettare i propri limiti e le proprie fragilit\u00e0.<\/p>\n<p>&#13;<br \/>\n&#13;<\/p>\n<p>Accanto al lavoro, la sua pi\u00f9 grande passione resta la musica. <strong>Fan dichiarata di artisti come Ed Sheeran, Taylor Swift, Justin Bieber e The Weeknd, racconta di aver persino cercato di incontrare il cantante britannico nei pressi della sua abitazione umbra<\/strong>. Un entusiasmo che condivide anche con Jake La Furia, collega e amico fraterno, con il quale ha costruito un rapporto che definisce senza esitazioni \u00abda fratelli\u00bb.<\/p>\n<p>&#13;<br \/>\n&#13;<\/p>\n<p>Sul futuro, infine, non ha nascosto di avere\u00a0qualche rimpianto rispetto alle aspettative che aveva da giovane. \u00abA quest\u2019ora pensavo di avere un marito e dei figli\u00bb, ha ammesso. La politica, invece, nonostante la tradizione familiare, \u00e8 una strada che ha escluso categoricamente:\u00a0\u00abPerch\u00e9 mio padre ci si \u00e8 rovinato per la politica, nel senso che l\u2019ha presa talmente tanto a cuore che stavamo male tutti per lui\u00bb. Ma alla fine, guardando il suo futuro\u00a0la speranza \u00e8 una sola:\u00a0\u00abSe un giorno non avr\u00f2 ottenuto tutto ci\u00f2 che volevo, almeno mi auguro di essere soddisfatta della mia vita\u00bb.<\/p>\n<p>                                &#13;<br \/>\n                &#13;<br \/>\n&#13;<br \/>\n                Ultimo aggiornamento: sabato 6 giugno 2026, 12:35&#13;<br \/>\n                <br \/>&#13;<br \/>\n                &#13;<br \/>\n                  &#13;<br \/>\n                    &#13;<br \/>\n                        \u00a9 RIPRODUZIONE RISERVATA&#13;<\/p>\n<p>&#13;<\/p>\n<p>                    &#13;<\/p>\n","protected":false},"excerpt":{"rendered":"&#13; &#13; &#13; &#13; Tra radio e televisione come\u00a0speaker di Radio 105 e volto di Forum, Camilla Ghini,&hellip;\n","protected":false},"author":3,"featured_media":526413,"comment_status":"","ping_status":"","sticky":false,"template":"","format":"standard","meta":{"footnotes":"","_share_on_mastodon":"0"},"categories":[1451],"tags":[290458,1621,1620,203,6077,204,1537,90,89,13186,118516],"class_list":["post-526412","post","type-post","status-publish","format-standard","has-post-thumbnail","category-celebrita","tag-camilla-ghini","tag-celebrita","tag-celebrities","tag-entertainment","tag-forum","tag-intrattenimento","tag-it","tag-italia","tag-italy","tag-massimo-ghini","tag-radio-105"],"share_on_mastodon":{"url":"","error":""},"_links":{"self":[{"href":"https:\/\/www.europesays.com\/it\/wp-json\/wp\/v2\/posts\/526412","targetHints":{"allow":["GET"]}}],"collection":[{"href":"https:\/\/www.europesays.com\/it\/wp-json\/wp\/v2\/posts"}],"about":[{"href":"https:\/\/www.europesays.com\/it\/wp-json\/wp\/v2\/types\/post"}],"author":[{"embeddable":true,"href":"https:\/\/www.europesays.com\/it\/wp-json\/wp\/v2\/users\/3"}],"replies":[{"embeddable":true,"href":"https:\/\/www.europesays.com\/it\/wp-json\/wp\/v2\/comments?post=526412"}],"version-history":[{"count":0,"href":"https:\/\/www.europesays.com\/it\/wp-json\/wp\/v2\/posts\/526412\/revisions"}],"wp:featuredmedia":[{"embeddable":true,"href":"https:\/\/www.europesays.com\/it\/wp-json\/wp\/v2\/media\/526413"}],"wp:attachment":[{"href":"https:\/\/www.europesays.com\/it\/wp-json\/wp\/v2\/media?parent=526412"}],"wp:term":[{"taxonomy":"category","embeddable":true,"href":"https:\/\/www.europesays.com\/it\/wp-json\/wp\/v2\/categories?post=526412"},{"taxonomy":"post_tag","embeddable":true,"href":"https:\/\/www.europesays.com\/it\/wp-json\/wp\/v2\/tags?post=526412"}],"curies":[{"name":"wp","href":"https:\/\/api.w.org\/{rel}","templated":true}]}}