{"id":526426,"date":"2026-06-06T12:34:19","date_gmt":"2026-06-06T12:34:19","guid":{"rendered":"https:\/\/www.europesays.com\/it\/526426\/"},"modified":"2026-06-06T12:34:19","modified_gmt":"2026-06-06T12:34:19","slug":"de-cecco-rileva-lintero-capitale-di-rossogargano-obiettivo-un-miliardo-di-euro-di-fatturato-nel-2027","status":"publish","type":"post","link":"https:\/\/www.europesays.com\/it\/526426\/","title":{"rendered":"De Cecco rileva l\u2019intero capitale di RossoGargano: obiettivo un miliardo di euro di fatturato nel 2027"},"content":{"rendered":"<p>    di<br \/>\n    Marco Sabella<\/p>\n<p class=\"summary-art is-line-h-12 is-mr-t-20\">Con l\u2019acquisizione di RossoGargano e l\u2019avvio delle nuove linee di produzione si prevede che il fatturato complessivo della societ\u00e0 cresca dai 740 milioni di euro del 2026 ad oltre un miliardo di euro nel 2027<\/p>\n<p class=\"chapter-paragraph\">Con quella che in linguaggio tennistico sarebbe definita una vol\u00e9e di spinta, il gruppo De Cecco, terzo produttore mondiale di pasta, ha acquisito l\u2019intero capitale sociale di <b>RossoGargano, azienda pugliese che si occupa di produzione e trasformazione di prodotti a base di pomodoro<\/b> e conserve alimentari e vegetali. RossoGargano \u00e8 una societ\u00e0 consortile agricola per azioni con sede a Foggia che opera su tre dei principali mercati internazionali in cui \u00e8 presente De Cecco.<\/p>\n<p>    La filiera produttiva<\/p>\n<p class=\"chapter-paragraph\">\u00abSiamo particolarmente soddisfatti di aver raggiunto questo accordo con i soci di RossoGargano \u2014 ha affermato il presidente di De Cecco, Filippo Antonio De Cecco \u2014. Si tratta di un\u2019operazione di grande rilievo strategico per il gruppo, che <b>ci consentir\u00e0 di completare e rafforzare la nostra filiera produttiva<\/b>, migliorare le nostre marginalit\u00e0 in un segmento di mercato in cui gi\u00e0 operiamo con successo e offrire ai nostri consumatori prodotti realizzati con il controllo diretto di ogni fase del processo, dalla coltivazione della materia prima fino alla commercializzazione\u00bb.    &#13;<br \/>\n&#13;<br \/>\n&#13;<br \/>\n&#13;<br \/>\n&#13;<br \/>\n&#13;<br \/>\n&#13;<br \/>\n&#13;<br \/>\n&#13;<br \/>\n&#13;<br \/>\n&#13;<br \/>\n&#13;<br \/>\n&#13;<br \/>\n&#13;<br \/>\n&#13;<br \/>\n&#13;<br \/>\n&#13;<br \/>\n&#13;<br \/>\n&#13;<br \/>\n&#13;<br \/>\n&#13;<br \/>\n&#13;<br \/>\n&#13;<br \/>\n&#13;<br \/>\n&#13;<br \/>\n&#13;<br \/>\n&#13;<br \/>\n&#13;<br \/>\n&#13;<br \/>\n&#13;<br \/>\n&#13;<br \/>\n&#13;<br \/>\n&#13;<br \/>\n&#13;<br \/>\n&#13;<br \/>\n&#13;<br \/>\n&#13;<br \/>\n&#13;<br \/>\n&#13;<br \/>\n&#13;<br \/>\n&#13;<br \/>\n&#13;<br \/>\n&#13;<br \/>\n&#13;<br \/>\n&#13;<br \/>\n&#13;<br \/>\n&#13;<br \/>\n&#13;<br \/>\n&#13;<br \/>\n&#13;<br \/>\n&#13;<br \/>\n&#13;<br \/>\n&#13;\n<\/p>\n<p>    La crescita<\/p>\n<p class=\"chapter-paragraph\">Con l\u2019acquisizione di RossoGargano e l\u2019avvio delle nuove linee di produzione si prevede che il totale dei prodotti venduti dal gruppo De Cecco passi da 2 milioni e 700 mila quintali nel 2026 a 4,5 milioni di quintali nel 2027, mentre il fatturato complessivo della societ\u00e0 \u00e8 previsto <b>in crescita dai 740 milioni di euro del 2026 ad oltre un miliardo di euro nel 2027.<\/b><br \/>Negli anni compresi tra il 2025 e il 2029 \u2014 si legge in una nota \u2014 il gruppo De Cecco ha previsto investimenti per un totale complessivo di 250 milioni, di cui 100 milioni sono gi\u00e0 stati spesi.<\/p>\n<p><a href=\"https:\/\/www.corriere.it\/app-economia\/?intcmp=DL-app_nd_011024_corriere_ss_conomia\" target=\"_blank\" class=\"bck-app-banner\" rel=\"nofollow noopener\"><img decoding=\"async\" class=\"bck-app-img\" src=\"https:\/\/www.europesays.com\/it\/wp-content\/uploads\/2025\/08\/1756449670_863_app.png\"\/><\/p>\n<p>Nuova app <strong>L&#8217;Economia<\/strong>. News, approfondimenti e l&#8217;assistente virtuale al tuo servizio.<\/p>\n<p>SCARICA L&#8217; APP<\/p>\n<p><img decoding=\"async\" src=\"https:\/\/www.europesays.com\/it\/wp-content\/uploads\/2025\/07\/eco.png\"\/><\/a><\/p>\n<p>Iscriviti alle <a href=\"https:\/\/www.corriere.it\/newsletter\/?theme=4\" rel=\"nofollow noopener\" target=\"_blank\">newsletter de L&#8217;Economia<\/a>. Analisi e commenti sui principali avvenimenti\u00a0economici a cura delle firme del Corriere.<\/p>\n<p class=\"is-last-update\" datetime=\"2026-06-06T09:41:01+02:00\">6 giugno 2026 ( modifica il 6 giugno 2026 | 09:41)<\/p>\n<p class=\"is-copyright\">\n            \u00a9 RIPRODUZIONE RISERVATA\n        <\/p>\n","protected":false},"excerpt":{"rendered":"di Marco Sabella Con l\u2019acquisizione di RossoGargano e l\u2019avvio delle nuove linee di produzione si prevede che il&hellip;\n","protected":false},"author":3,"featured_media":526427,"comment_status":"","ping_status":"","sticky":false,"template":"","format":"standard","meta":{"footnotes":"","_share_on_mastodon":"0"},"categories":[172],"tags":[11468,290467,290468,178,3732,290469,177,275307,11304,277,190383,724,9885,1537,90,89,11831,23081,3708,3741,290466,1359],"class_list":["post-526426","post","type-post","status-publish","format-standard","has-post-thumbnail","category-affari","tag-acquisizione","tag-acquisizione-rossogargano","tag-acquisizione-rossogargano-avvio","tag-affari","tag-avvio","tag-avvio-nuove","tag-business","tag-cecco","tag-complessivo","tag-de","tag-de-cecco","tag-euro","tag-fatturato","tag-it","tag-italia","tag-italy","tag-miliardo","tag-miliardo-euro","tag-prodotti","tag-produzione","tag-rossogargano","tag-societa"],"share_on_mastodon":{"url":"https:\/\/pubeurope.com\/@it\/116703190720155612","error":""},"_links":{"self":[{"href":"https:\/\/www.europesays.com\/it\/wp-json\/wp\/v2\/posts\/526426","targetHints":{"allow":["GET"]}}],"collection":[{"href":"https:\/\/www.europesays.com\/it\/wp-json\/wp\/v2\/posts"}],"about":[{"href":"https:\/\/www.europesays.com\/it\/wp-json\/wp\/v2\/types\/post"}],"author":[{"embeddable":true,"href":"https:\/\/www.europesays.com\/it\/wp-json\/wp\/v2\/users\/3"}],"replies":[{"embeddable":true,"href":"https:\/\/www.europesays.com\/it\/wp-json\/wp\/v2\/comments?post=526426"}],"version-history":[{"count":0,"href":"https:\/\/www.europesays.com\/it\/wp-json\/wp\/v2\/posts\/526426\/revisions"}],"wp:featuredmedia":[{"embeddable":true,"href":"https:\/\/www.europesays.com\/it\/wp-json\/wp\/v2\/media\/526427"}],"wp:attachment":[{"href":"https:\/\/www.europesays.com\/it\/wp-json\/wp\/v2\/media?parent=526426"}],"wp:term":[{"taxonomy":"category","embeddable":true,"href":"https:\/\/www.europesays.com\/it\/wp-json\/wp\/v2\/categories?post=526426"},{"taxonomy":"post_tag","embeddable":true,"href":"https:\/\/www.europesays.com\/it\/wp-json\/wp\/v2\/tags?post=526426"}],"curies":[{"name":"wp","href":"https:\/\/api.w.org\/{rel}","templated":true}]}}