{"id":526450,"date":"2026-06-06T12:59:14","date_gmt":"2026-06-06T12:59:14","guid":{"rendered":"https:\/\/www.europesays.com\/it\/526450\/"},"modified":"2026-06-06T12:59:14","modified_gmt":"2026-06-06T12:59:14","slug":"sanremo-2027-le-date-ufficiali-dal-16-al-20-febbraio-inizia-lera-di-stefano-de-martino","status":"publish","type":"post","link":"https:\/\/www.europesays.com\/it\/526450\/","title":{"rendered":"Sanremo 2027, le date ufficiali: dal 16 al 20 febbraio. Inizia l&#8217;era di Stefano De Martino"},"content":{"rendered":"<p>    di<br \/>\n    Maria Volpe<\/p>\n<p class=\"summary-art is-line-h-12\">Cominciano ufficialmente i lavori per il nuovo conduttore e direttore artistico, dopo il cambio della guardia con Carlo Conti.<\/p>\n<p class=\"chapter-paragraph\">Il <b>Festival di Sanremo 2027<\/b> si terr\u00e0 dal 16 al 20 febbraio 2027. Ad annunciarlo \u00e8 lo stesso direttore artistico, <b>Stefano De Martino<\/b> sui suoi canali social mentre ascolta \u00abVita Spericolata\u00bb di Vasco Rossi. E dunque gi\u00e0 a giugno il Festival entra a pieno titolo nel centro della comunicazione televisiva. In realt\u00e0 probabilmente non \u00e8 mai uscito. soprattutto dopo il cambio della guardia.\u00a0<\/p>\n<p class=\"chapter-paragraph\">Dopo anni \u00abstabili\u00bb di Amadeus e di Carlo Conti, ora c&#8217;\u00e8 la novit\u00e0 Stefano De Martino, una svolta giovane nella conduzione, un personaggio sempre sotto i riflettori, capace di attirare su di s\u00e9 l&#8217;attenzione.\u00a0    &#13;<br \/>\n&#13;<br \/>\n&#13;<br \/>\n&#13;<br \/>\n&#13;<br \/>\n&#13;<br \/>\n&#13;<br \/>\n&#13;<br \/>\n&#13;<br \/>\n&#13;<br \/>\n&#13;<br \/>\n&#13;<br \/>\n&#13;<br \/>\n&#13;<br \/>\n&#13;<br \/>\n&#13;<br \/>\n&#13;<br \/>\n&#13;<br \/>\n&#13;<br \/>\n&#13;<br \/>\n&#13;<br \/>\n&#13;<br \/>\n&#13;<br \/>\n&#13;<br \/>\n&#13;<br \/>\n&#13;<br \/>\n&#13;<br \/>\n&#13;<br \/>\n&#13;<br \/>\n&#13;<br \/>\n&#13;<br \/>\n&#13;<br \/>\n&#13;<br \/>\n&#13;<br \/>\n&#13;<br \/>\n&#13;<br \/>\n&#13;<br \/>\n&#13;<br \/>\n&#13;<br \/>\n&#13;<br \/>\n&#13;<br \/>\n&#13;<br \/>\n&#13;<br \/>\n&#13;<br \/>\n&#13;<br \/>\n&#13;<br \/>\n&#13;<br \/>\n&#13;<br \/>\n&#13;<br \/>\n&#13;<br \/>\n&#13;<br \/>\n&#13;<br \/>\n&#13;\n<\/p>\n<p class=\"chapter-paragraph\">Dunque con la comunicazione ufficiale delle\u00a0date,\u00a0 la gestione del nuovo direttore artistico ha ufficialmente inizio. De\u00a0Martino, insieme al Direttore dell&#8217;Intrattenimento PrimeTime, Williams De Liberatore, sta gi\u00e0 lavorando\u00a0alla fase di predisposizione della macchina organizzativa del festival.<\/p>\n<p class=\"chapter-paragraph\">Tra le tante ipotesi sul tavolo c&#8217;\u00e8 la possibilit\u00e0 di anticipare la serata delle cover, sempre di grane successo e grandi ascolti, alla terza serata, ovvero al gioved\u00ec e non pi\u00f9 al venerd\u00ec come in passato.\u00a0<\/p>\n<p class=\"chapter-paragraph\">Ci sarebbe il grande cambiamento, di cui si \u00e8 parlato nei giorni scorsi: la serata Eurovision che si dovrebbe svolgere alla quarta (penultima) serata, ovvero il venerd\u00ec, che decreter\u00e0 il partecipante per l&#8217;Italia alla kermesse continentale.\u00a0<\/p>\n<p class=\"is-last-update\" datetime=\"2026-06-06T12:28:18+02:00\">6 giugno 2026 ( modifica il 6 giugno 2026 | 12:28)<\/p>\n<p class=\"is-copyright\">\n            \u00a9 RIPRODUZIONE RISERVATA\n        <\/p>\n","protected":false},"excerpt":{"rendered":"di Maria Volpe Cominciano ufficialmente i lavori per il nuovo conduttore e direttore artistico, dopo il cambio della&hellip;\n","protected":false},"author":3,"featured_media":526451,"comment_status":"","ping_status":"","sticky":false,"template":"","format":"standard","meta":{"footnotes":"","_share_on_mastodon":"0"},"categories":[174],"tags":[11185,6099,282717,2387,5216,277,44622,1109,95002,203,4631,204,1537,90,89,27896,9065,6845,64044,1766],"class_list":["post-526450","post","type-post","status-publish","format-standard","has-post-thumbnail","category-intrattenimento","tag-artistico","tag-cambio","tag-cambio-guardia","tag-carlo","tag-carlo-conti","tag-de","tag-de-martino","tag-direttore","tag-direttore-artistico","tag-entertainment","tag-festival","tag-intrattenimento","tag-it","tag-italia","tag-italy","tag-martino","tag-serata","tag-stefano","tag-stefano-de","tag-stefano-de-martino"],"share_on_mastodon":{"url":"https:\/\/pubeurope.com\/@it\/116703288558754975","error":""},"_links":{"self":[{"href":"https:\/\/www.europesays.com\/it\/wp-json\/wp\/v2\/posts\/526450","targetHints":{"allow":["GET"]}}],"collection":[{"href":"https:\/\/www.europesays.com\/it\/wp-json\/wp\/v2\/posts"}],"about":[{"href":"https:\/\/www.europesays.com\/it\/wp-json\/wp\/v2\/types\/post"}],"author":[{"embeddable":true,"href":"https:\/\/www.europesays.com\/it\/wp-json\/wp\/v2\/users\/3"}],"replies":[{"embeddable":true,"href":"https:\/\/www.europesays.com\/it\/wp-json\/wp\/v2\/comments?post=526450"}],"version-history":[{"count":0,"href":"https:\/\/www.europesays.com\/it\/wp-json\/wp\/v2\/posts\/526450\/revisions"}],"wp:featuredmedia":[{"embeddable":true,"href":"https:\/\/www.europesays.com\/it\/wp-json\/wp\/v2\/media\/526451"}],"wp:attachment":[{"href":"https:\/\/www.europesays.com\/it\/wp-json\/wp\/v2\/media?parent=526450"}],"wp:term":[{"taxonomy":"category","embeddable":true,"href":"https:\/\/www.europesays.com\/it\/wp-json\/wp\/v2\/categories?post=526450"},{"taxonomy":"post_tag","embeddable":true,"href":"https:\/\/www.europesays.com\/it\/wp-json\/wp\/v2\/tags?post=526450"}],"curies":[{"name":"wp","href":"https:\/\/api.w.org\/{rel}","templated":true}]}}