{"id":526467,"date":"2026-06-06T13:17:19","date_gmt":"2026-06-06T13:17:19","guid":{"rendered":"https:\/\/www.europesays.com\/it\/526467\/"},"modified":"2026-06-06T13:17:19","modified_gmt":"2026-06-06T13:17:19","slug":"del-piero-al-festival-della-serie-a-juve-addio-e-mondiale-2006","status":"publish","type":"post","link":"https:\/\/www.europesays.com\/it\/526467\/","title":{"rendered":"Del Piero al Festival della Serie A: Juve, addio e Mondiale 2006"},"content":{"rendered":"<p>                                L&#8217;ex capitano bianconero \u00e8 intervenuto al Festival della Serie A nel panel\u00a0&#8220;Legendary player&#8221;. Tra gli argomenti toccati la situazione attuale del club torinese ma anche il Mondiale vinto nel 2006<\/p>\n<p class=\"paragraph\" spellcheck=\"true\">&#8220;Un capitano, c\u2019\u00e8 solo un capitano&#8221;: il Teatro Regio di Parma per un momento si trasforma nella curva dell\u2019Allianz Stadium per accogliere Alessandro Del Piero, protagonista della terza edizione del Festival della Serie A. &#8220;Legendary player&#8221;, \u00e8 il titolo del panel. Leggendario e indimenticabile, come dimostra la folla festante e adorante che lo aspetta. Sul palco le maglie che hanno caratterizzato la sua carriera, Juventus e Nazionale. Diciannove anni in bianconero, impreziositi da tanti trofei tra cui una Champions League (l\u2019ultima della Vecchia Signora) e culminati nella festa spontanea e commovente d\u2019addio il 13 maggio 2012 all\u2019Allianz Stadium.<\/p>\n<p>    l&#8217;addio alla juve\u2014 \u00a0<\/p>\n<p class=\"paragraph is-inline\" spellcheck=\"true\">&#8220;Ricordo una miriade di emozioni &#8211; racconta l\u2019ex capitano della Juventus &#8211; la felicit\u00e0 per lo scudetto vinto ma non solo: un percorso in maglia bianconera che \u00e8 stato sempre speciale, ma l\u2019ultima parte ancora di pi\u00f9 perch\u00e9 siamo tornati in alto dopo la piccola disavventura del 2006. Quel giorno \u00e8 stato tutto naturale, abbiamo celebrato lo scudetto poi ho deciso di fare un giro di campo perch\u00e9 per me la partita ha preso una piega unica. All\u2019inizio non volevo perch\u00e9 era la giornata dedicata al ritorno dello scudetto, per\u00f2 sono stato chiamato dall\u2019immenso amore che ho ricevuto&#8221;.<\/p>\n<p>    mondiale 2006\u2014 \u00a0<\/p>\n<p class=\"paragraph is-inline\" spellcheck=\"true\">Del Piero ripercorre la sua vita calcistica raccontando aneddoti divertenti, come la camminata verso il dischetto nella finale del Mondiale 2006: &#8220;Mi sono venute in mente cose del passato che non sapevo che senso avessero. Mi sono detto: quante persone saranno qui a guardarmi, due milioni? Che vuoi che succeda se sbaglio un rigore? Ho cercato di sdrammatizzare, \u00e8 un momento assurdo, ti prepari ma il rigore \u00e8 tutto mentale, le paturnie ti massacrano. Noi al Mondiale 2006 siamo stati perfetti. Abbiamo vinto contro una nazionale fortissima&#8221;.<\/p>\n<p>    MAGLIE, TOTTI E PALLONE D\u2019ORO\u2014 \u00a0<\/p>\n<p class=\"paragraph is-inline\" spellcheck=\"true\">&#8220;Non sono malato di maglie, ho scambiato quelle con Maldini, Zidane, Ronaldo e Ronaldinho. Lo faccio per suggellare qualcosa di speciale. Spesso ho cercato ispirazione nei miei avversari. Ho la maglia di Totti, simpaticissimo come Di Livio e Gattuso. Con alcuni si crea complicit\u00e0, Francesco \u00e8 uno di questi, ha avuto un percorso simile al mio. Il Pallone d\u2019oro non mi manca, se guardiamo chi non l\u2019ha vinto sono in buona compagnia&#8221;.<\/p>\n<p><a class=\"is-partner-link\" href=\"https:\/\/fantacampionato.gazzetta.it\/home?intcmp=CTAMondiale26\" rel=\"nofollow noopener\" target=\"_blank\">Dimostra di essere il migliore: il fantaconcorso pi\u00f9 ricco d&#8217;Italia diventa Mondiale! Abbonati a soli 9,99\u20ac<\/a><\/p>\n<p>    forza juve\u2014 \u00a0<\/p>\n<p class=\"paragraph is-inline\" spellcheck=\"true\">Infine il momento della Juve e i tifosi che lo vorrebbero con un ruolo in dirigenza: &#8220;Affetto e aspettative che ci sono nei miei confronti non possono essere un peso. Il mio pensiero quando guardo il mondo bianconero \u00e8 cosparso di emotivit\u00e0. Il legame con la famiglia \u00e8 franco, la propriet\u00e0 ha fatto qualcosa di incredibile, la sua presenza \u00e8 sempre importante. Ho grande rispetto per chi lavora ora alla Juventus, ognuno deve fare la sua parte. Non puoi giudicare se non sei dentro. Il legame con la famiglia e i tifosi \u00e8 sempre lo stesso. Per la Juve \u00e8 un momento complicato, bisogna voltare pagina. Se dovessi dire tre parole ai giocatori direi \u2018Forza Juve\u2019, ma sono solo due\u2026 Guardiamo al bello di questo campionato, il Como ha fatto un\u2019annata strepitosa, cos\u00ec come la Roma, togliendo la Champions a Milan e Juventus&#8221;.<\/p>\n<p class=\"is-copyright\">\u00a9 RIPRODUZIONE RISERVATA<\/p>\n","protected":false},"excerpt":{"rendered":"L&#8217;ex capitano bianconero \u00e8 intervenuto al Festival della Serie A nel panel\u00a0&#8220;Legendary player&#8221;. Tra gli argomenti toccati la&hellip;\n","protected":false},"author":3,"featured_media":526468,"comment_status":"","ping_status":"","sticky":false,"template":"","format":"standard","meta":{"footnotes":"","_share_on_mastodon":"0"},"categories":[1452],"tags":[2983,38821,51873,10575,721,8230,1330,1969,1909,4631,289123,1740,6107,1537,90,89,565,558,5069,290510,290511,290512,2219,55415,1353,3206,1955,6033,188549,491,1987,50332,3242,1270,6072,1821,1739,10162,245,244,2200],"class_list":["post-526467","post","type-post","status-publish","format-standard","has-post-thumbnail","category-calcio","tag-addio","tag-allianz","tag-allianz-stadium","tag-bianconero","tag-calcio","tag-capitano","tag-cercato","tag-champions","tag-famiglia","tag-festival","tag-festival-serie","tag-football","tag-guardiamo","tag-it","tag-italia","tag-italy","tag-juve","tag-juventus","tag-legame","tag-legame-famiglia","tag-legendary","tag-legendary-player","tag-maglia","tag-maglie","tag-mondiale","tag-oro","tag-pallone","tag-pallone-oro","tag-panel","tag-percorso","tag-piero","tag-player","tag-rigore","tag-rispetto","tag-scudetto","tag-serie","tag-soccer","tag-speciale","tag-sport","tag-sports","tag-vinto"],"share_on_mastodon":{"url":"https:\/\/pubeurope.com\/@it\/116703359850540634","error":""},"_links":{"self":[{"href":"https:\/\/www.europesays.com\/it\/wp-json\/wp\/v2\/posts\/526467","targetHints":{"allow":["GET"]}}],"collection":[{"href":"https:\/\/www.europesays.com\/it\/wp-json\/wp\/v2\/posts"}],"about":[{"href":"https:\/\/www.europesays.com\/it\/wp-json\/wp\/v2\/types\/post"}],"author":[{"embeddable":true,"href":"https:\/\/www.europesays.com\/it\/wp-json\/wp\/v2\/users\/3"}],"replies":[{"embeddable":true,"href":"https:\/\/www.europesays.com\/it\/wp-json\/wp\/v2\/comments?post=526467"}],"version-history":[{"count":0,"href":"https:\/\/www.europesays.com\/it\/wp-json\/wp\/v2\/posts\/526467\/revisions"}],"wp:featuredmedia":[{"embeddable":true,"href":"https:\/\/www.europesays.com\/it\/wp-json\/wp\/v2\/media\/526468"}],"wp:attachment":[{"href":"https:\/\/www.europesays.com\/it\/wp-json\/wp\/v2\/media?parent=526467"}],"wp:term":[{"taxonomy":"category","embeddable":true,"href":"https:\/\/www.europesays.com\/it\/wp-json\/wp\/v2\/categories?post=526467"},{"taxonomy":"post_tag","embeddable":true,"href":"https:\/\/www.europesays.com\/it\/wp-json\/wp\/v2\/tags?post=526467"}],"curies":[{"name":"wp","href":"https:\/\/api.w.org\/{rel}","templated":true}]}}