{"id":526506,"date":"2026-06-06T13:51:15","date_gmt":"2026-06-06T13:51:15","guid":{"rendered":"https:\/\/www.europesays.com\/it\/526506\/"},"modified":"2026-06-06T13:51:15","modified_gmt":"2026-06-06T13:51:15","slug":"monaco-f1-libere-3-antonelli-il-piu-veloce-sulle-ferrari-di-leclerc-e-hamilton","status":"publish","type":"post","link":"https:\/\/www.europesays.com\/it\/526506\/","title":{"rendered":"Monaco F1 libere 3: Antonelli il pi\u00f9 veloce sulle Ferrari di Leclerc e Hamilton"},"content":{"rendered":"<p>                                Il bolognese scatenato nell&#8217;ultima sessione di prove che precede le qualifiche. Secondo e terzo tempo per le rosse, poi c&#8217;\u00e8 Russell davanti a Verstappen\u00a0\u00a0<\/p>\n<p>                    6 giugno 2026 (modifica alle 14:46)  &#8211; MONTECARLO (MONACO)<\/p>\n<p class=\"paragraph\" spellcheck=\"true\">Kimi Antonelli aveva promesso, dopo le sessioni di libere non facili del venerd\u00ec, che la squadra \u201cavrebbe lavorato nella notte per cercare di migliorare la vettura grazie alla raccolta di dati importanti\u201d e provare cos\u00ec a fare un salto avanti in vista delle qualifiche. Detto, fatto. Perch\u00e9 nella mattinata monegasca \u00e8 stato proprio il diciannovenne italiano a far segnare il miglior tempo nelle FP3, chiudendo davanti a tutti nell\u2019ultima sessione di libere prima delle attesissime qualifiche.  In 1\u201912\u2019\u2019720 Kimi ha staccato la Ferrari di Charles Leclerc di oltre tre decimi, con il monegasco non soddisfatto della resa della sua vettura e autore di lamentele legate soprattutto alla frenata, che rende la monoposto imprevedibile durante il giro.\u00a0<\/p>\n<p>    rosse vicine\u2014 \u00a0<\/p>\n<p class=\"paragraph is-inline\" spellcheck=\"true\">Vicinissime le due rosse, con Lewis Hamilton terzo in 1\u201913\u2019\u2019051, a soli 4 millesimi da Leclerc. Anche il britannico, dopo aver iniziato le FP3 con alcuni problemi al sedile, ha lamentato un bilanciamento non ancora ottimale per tutto il corso della sessione. La Rossa dovr\u00e0 cercare di migliorare la resa in tempo per le qualifiche, dove sar\u00e0 fondamentale per i piloti arrivare in pista con un grande feeling per estrarre il meglio tra le curve del Principato e provare a ottenere la pole position.  E se davanti a tutti Antonelli si \u00e8 dimostrato subito in grande forma, meno soddisfatto al termine delle FP3 \u00e8 stato il compagno di squadra George Russell, che ha chiuso la sessione in 1\u201913\u2019\u2019483, a oltre sette decimi di distacco dall\u2019italiano. Quinto Max Verstappen, dopo il terzo posto di ieri nelle libere: l\u2019olandese ha chiuso la sessione con quasi un secondo di ritardo dalla vetta.  Ancora in difficolt\u00e0 le due McLaren: la squadra campione del mondo in carica aveva iniziato ieri a Monaco il lavoro in pista con molte difficolt\u00e0 e oggi la situazione non sembra migliorata. Oscar Piastri si \u00e8 fermato in sesta posizione e Lando Norris in nona.\u00a0<\/p>\n<p>    audi ok\u2014 \u00a0<\/p>\n<p class=\"paragraph is-inline\" spellcheck=\"true\">Bene invece le due Audi, che a Montecarlo stanno ottenendo i migliori risultati dal via del campionato: nelle FP3 Gabriel Bortoleto ha chiuso la sessione in settima posizione e Nico Hulkenberg in decima.  Giornata difficile per la Haas, che sar\u00e0 costretta a ricostruire in tempo record la vettura di Oliver Bearman, finito a muro a quindici minuti dal termine delle FP3 e causa di una bandiera rossa che ha limitato l\u2019azione nella fase finale della sessione. Sono poche le ore a disposizione del team, con i piloti attesi alle 16 per la qualifica, momento decisivo di questo fine settimana monegasco.<\/p>\n<p>    i tempi\u2014 \u00a0<\/p>\n<p class=\"paragraph is-inline\" spellcheck=\"true\">I tempi delle libere 3 del GP di Monaco:<\/p>\n<p class=\"paragraph\" spellcheck=\"true\">1. Antonelli (Mercedes) 1&#8217;12&#8243;720<\/p>\n<p class=\"paragraph\" spellcheck=\"true\">2. Leclerc (Ferrari) 1&#8217;13&#8243;047<\/p>\n<p class=\"paragraph\" spellcheck=\"true\">3. Hamilton (Ferrari) 1&#8217;13&#8243;051<\/p>\n<p class=\"paragraph\" spellcheck=\"true\">4. Russell (Mercedes) 1&#8217;13&#8243;483<\/p>\n<p class=\"paragraph\" spellcheck=\"true\">5. Verstappen (Red Bull) 1&#8217;13&#8243;562<\/p>\n<p class=\"paragraph\" spellcheck=\"true\">6. Piastri (McLaren) 1&#8217;13&#8243;698<\/p>\n<p class=\"paragraph\" spellcheck=\"true\">7. Bortoleto (Audi) 1&#8217;13&#8243;820<\/p>\n<p class=\"paragraph\" spellcheck=\"true\">8. Hadjar (Red Bull) 1&#8217;13&#8243;877<\/p>\n<p class=\"paragraph\" spellcheck=\"true\">9. Norris (McLaren) 1&#8217;14&#8243;006<\/p>\n<p class=\"paragraph\" spellcheck=\"true\">10. H\u00fclkenberg (Audi) 1&#8217;14&#8243;050<\/p>\n<p class=\"paragraph\" spellcheck=\"true\">12. Gasly (Alpine) 1&#8217;14&#8243;480<\/p>\n<p class=\"paragraph\" spellcheck=\"true\">13. Bearman (Haas) 1&#8217;14&#8243;487<\/p>\n<p class=\"paragraph\" spellcheck=\"true\">14. Lawson (Racing Bulls) 1&#8217;14&#8243;587<\/p>\n<p class=\"paragraph\" spellcheck=\"true\">15. Sainz (Williams) 1&#8217;14&#8243;798<\/p>\n<p class=\"paragraph\" spellcheck=\"true\">16. Albon (Williams) 1&#8217;14&#8243;801<\/p>\n<p class=\"paragraph\" spellcheck=\"true\">17. Lindblad (Racing Bulls) 1&#8217;14&#8243;918<\/p>\n<p class=\"paragraph\" spellcheck=\"true\">18. Perez (Cadillac) 1&#8217;14&#8243;945<\/p>\n<p class=\"paragraph\" spellcheck=\"true\">19. Colapinto (Alpine) 1&#8217;15&#8243;179<\/p>\n<p class=\"paragraph\" spellcheck=\"true\">20. Bottas (Cadillac) 1&#8217;15&#8243;451<\/p>\n<p class=\"paragraph\" spellcheck=\"true\">21. Alonso (Aston Martin) 1&#8217;15&#8243;567<\/p>\n<p><a class=\"is-partner-link\" href=\"https:\/\/www.nowtv.it\/sport?dcmp=SPORT_SOCIAL_AW_PROS_Motori_CairoRCS_Gazzetta_CTA&amp;ead-publisher=N1792338.340088CAIRORCSMEDIAS.P.&amp;ead-name=N1792338.340088CAIRORCSMEDIAS.P.-35025367&amp;ead-location=439955329&amp;ead-creative=249314339&amp;ead-creativetype=1x1&amp;dya=4b3d5\" rel=\"nofollow noopener\" target=\"_blank\">Non perderti tutti i Gran Premi di Formula 1\u00ae e MotoGP\u2122 in esclusiva streaming su NOW! Attiva il Pass Sport da 14,99\u20ac al mese.<\/a><\/p>\n<p class=\"paragraph\" spellcheck=\"true\">22. Stroll (Aston Martin) 1&#8217;15&#8243;921\u00a0<\/p>\n<p class=\"is-copyright\">\u00a9 RIPRODUZIONE RISERVATA<\/p>\n","protected":false},"excerpt":{"rendered":"Il bolognese scatenato nell&#8217;ultima sessione di prove che precede le qualifiche. Secondo e terzo tempo per le rosse,&hellip;\n","protected":false},"author":3,"featured_media":526507,"comment_status":"","ping_status":"","sticky":false,"template":"","format":"standard","meta":{"footnotes":"","_share_on_mastodon":"0"},"categories":[176],"tags":[3356,3993,2941,6717,3359,3360,25346,3361,3342,6708,2138,251629,2206,290579,10872,5376,368,3345,284021,3346,3337,6990,1537,90,1599,89,3994,7754,6233,3443,5993,20782,6229,13055,4005,10864,245,244,1857,4960,10860,11546],"class_list":["post-526506","post","type-post","status-publish","format-standard","has-post-thumbnail","category-sport","tag-alpine","tag-antonelli","tag-aston","tag-aston-martin","tag-audi","tag-bearman","tag-bortoleto","tag-bull","tag-bulls","tag-cadillac","tag-cercare","tag-cercare-migliorare","tag-chiuso","tag-chiuso-sessione","tag-decimi","tag-difficolta","tag-ferrari","tag-gp","tag-gp-monaco","tag-haas","tag-hamilton","tag-iniziato","tag-it","tag-italia","tag-italiano","tag-italy","tag-kimi","tag-leclerc","tag-libere","tag-martin","tag-mclaren","tag-monaco","tag-qualifiche","tag-rosse","tag-russell","tag-sessione","tag-sport","tag-sports","tag-squadra","tag-terzo","tag-verstappen","tag-vettura"],"share_on_mastodon":{"url":"https:\/\/pubeurope.com\/@it\/116703493185191724","error":""},"_links":{"self":[{"href":"https:\/\/www.europesays.com\/it\/wp-json\/wp\/v2\/posts\/526506","targetHints":{"allow":["GET"]}}],"collection":[{"href":"https:\/\/www.europesays.com\/it\/wp-json\/wp\/v2\/posts"}],"about":[{"href":"https:\/\/www.europesays.com\/it\/wp-json\/wp\/v2\/types\/post"}],"author":[{"embeddable":true,"href":"https:\/\/www.europesays.com\/it\/wp-json\/wp\/v2\/users\/3"}],"replies":[{"embeddable":true,"href":"https:\/\/www.europesays.com\/it\/wp-json\/wp\/v2\/comments?post=526506"}],"version-history":[{"count":0,"href":"https:\/\/www.europesays.com\/it\/wp-json\/wp\/v2\/posts\/526506\/revisions"}],"wp:featuredmedia":[{"embeddable":true,"href":"https:\/\/www.europesays.com\/it\/wp-json\/wp\/v2\/media\/526507"}],"wp:attachment":[{"href":"https:\/\/www.europesays.com\/it\/wp-json\/wp\/v2\/media?parent=526506"}],"wp:term":[{"taxonomy":"category","embeddable":true,"href":"https:\/\/www.europesays.com\/it\/wp-json\/wp\/v2\/categories?post=526506"},{"taxonomy":"post_tag","embeddable":true,"href":"https:\/\/www.europesays.com\/it\/wp-json\/wp\/v2\/tags?post=526506"}],"curies":[{"name":"wp","href":"https:\/\/api.w.org\/{rel}","templated":true}]}}