{"id":526527,"date":"2026-06-06T14:12:16","date_gmt":"2026-06-06T14:12:16","guid":{"rendered":"https:\/\/www.europesays.com\/it\/526527\/"},"modified":"2026-06-06T14:12:16","modified_gmt":"2026-06-06T14:12:16","slug":"natalia-paragoni-rompe-il-silenzio-ho-un-linfoma-di-hodgkin-ho-iniziato-la-chemioterapia","status":"publish","type":"post","link":"https:\/\/www.europesays.com\/it\/526527\/","title":{"rendered":"Natalia Paragoni rompe il silenzio: &#8220;Ho un linfoma di Hodgkin, ho iniziato la chemioterapia&#8221;"},"content":{"rendered":"<p>L&#8217;ex volto di Uomini e Donne racconta la diagnosi ricevuta all&#8217;ottavo mese di gravidanza e l&#8217;inizio delle cure dopo la nascita della figlia Beatrice: &#8220;Ho paura, ma so che ce la far\u00f2&#8221;<\/p>\n<p class=\"chapter-paragraph\">Un annuncio doloroso e carico di emozione quello condiviso sui social da <b>Natalia Paragoni<\/b>. L&#8217;ex protagonista di Uomini e Donne ha raccontato ai suoi follower di aver ricevuto la <b><a href=\"https:\/\/www.corriere.it\/salute\/sportello_cancro\/cards\/tumori-sangue-quali-sono-come-si-riconoscono\/linfoma-hodgkin-chi-colpisce-come-si-cura.shtml\" rel=\"nofollow noopener\" target=\"_blank\">diagnosi di linfoma di Hodgkin<\/a><\/b> mentre era all&#8217;ottavo mese di gravidanza della sua seconda figlia, una notizia che ha stravolto uno dei momenti pi\u00f9 importanti della sua vita.  <b>&#8220;Tutto \u00e8 iniziato il 27 aprile con una telefonata che mi ha cambiato la vita&#8221;<\/b>, ha scritto l&#8217;influencer in un lungo post pubblicato su Instagram. In quel periodo, Natalia stava vivendo le ultime settimane di attesa prima della nascita della piccola Beatrice, ma la serenit\u00e0 della gravidanza \u00e8 stata improvvisamente interrotta dalla scoperta della malattia.  &#8220;Avrei dovuto pensare solo alla sua nascita&#8221;, ha raccontato, spiegando come la diagnosi abbia trasformato quei giorni in un susseguirsi di paure, dubbi e incertezze. <b>Dopo il parto, la compagna di Andrea Zelletta ha iniziato il percorso di chemioterapia,<\/b> affrontando settimane particolarmente difficili sia dal punto di vista fisico che emotivo.  Nel suo sfogo social, Paragoni ha confessato di aver vissuto momenti di forte sconforto. &#8220;Ho provato dolore, paura e ho pianto tantissimo&#8221;, ha scritto, ammettendo di essersi posta molte domande sul futuro. A sostenerla, per\u00f2, \u00e8 stata una rete di affetti che non l&#8217;ha mai lasciata sola: il compagno Andrea, i genitori, gli amici pi\u00f9 cari e soprattutto le sue due bambine.  Proprio le figlie, ha spiegato, rappresentano oggi la sua forza pi\u00f9 grande. I loro sorrisi e il loro amore le danno ogni giorno la motivazione necessaria per affrontare le cure e guardare avanti con speranza.  Pur consapevole delle difficolt\u00e0 che l&#8217;attendono, Natalia ha voluto lanciare un messaggio di determinazione. &#8220;Non so ancora cosa mi aspetta, ma so che ce la devo fare&#8221;, ha scritto, sottolineando di voler combattere per la sua famiglia ma anche per se stessa.  <b>L&#8217;influencer ha infine chiarito il motivo della sua recente assenza dai social.<\/b> Prima di condividere pubblicamente la notizia, ha sentito il bisogno di elaborare quanto stava accadendo e di trovare il coraggio di raccontarlo. Ora ha deciso di farlo con sincerit\u00e0, scegliendo di rendere partecipi i suoi follower di un percorso che, come ha scritto lei stessa, affronter\u00e0 &#8220;un passo alla volta&#8221;.    &#13;<br \/>\n&#13;<br \/>\n&#13;<br \/>\n&#13;<br \/>\n&#13;<br \/>\n&#13;<br \/>\n&#13;<br \/>\n&#13;<br \/>\n&#13;<br \/>\n&#13;<br \/>\n&#13;<br \/>\n&#13;<br \/>\n&#13;<br \/>\n&#13;<br \/>\n&#13;<br \/>\n&#13;<br \/>\n&#13;<br \/>\n&#13;<br \/>\n&#13;<br \/>\n&#13;<br \/>\n&#13;<br \/>\n&#13;<br \/>\n&#13;<br \/>\n&#13;<br \/>\n&#13;<br \/>\n&#13;<br \/>\n&#13;<br \/>\n&#13;<br \/>\n&#13;<br \/>\n&#13;<br \/>\n&#13;<br \/>\n&#13;<br \/>\n&#13;<br \/>\n&#13;<br \/>\n&#13;<br \/>\n&#13;<br \/>\n&#13;<br \/>\n&#13;<br \/>\n&#13;<br \/>\n&#13;<br \/>\n&#13;<br \/>\n&#13;<br \/>\n&#13;<br \/>\n&#13;<br \/>\n&#13;<br \/>\n&#13;<br \/>\n&#13;<br \/>\n&#13;<br \/>\n&#13;<br \/>\n&#13;<br \/>\n&#13;<br \/>\n&#13;<br \/>\n&#13;\n<\/p>\n<p class=\"is-last-update\" datetime=\"2026-06-06T13:42:42+02:00\">6 giugno 2026 ( modifica il 6 giugno 2026 | 13:42)<\/p>\n<p class=\"is-copyright\">\n            \u00a9 RIPRODUZIONE RISERVATA\n        <\/p>\n","protected":false},"excerpt":{"rendered":"L&#8217;ex volto di Uomini e Donne racconta la diagnosi ricevuta all&#8217;ottavo mese di gravidanza e l&#8217;inizio delle cure&hellip;\n","protected":false},"author":3,"featured_media":526528,"comment_status":"","ping_status":"","sticky":false,"template":"","format":"standard","meta":{"footnotes":"","_share_on_mastodon":"0"},"categories":[1451],"tags":[2700,14610,6969,1621,1620,59051,2339,3635,2429,203,3384,1685,1232,93805,2734,6990,204,1537,90,89,93806,93807,3783,34931,4003,272,48514,260631,62225,988,1272,1686],"class_list":["post-526527","post","type-post","status-publish","format-standard","has-post-thumbnail","category-celebrita","tag-andrea","tag-beatrice","tag-ce","tag-celebrita","tag-celebrities","tag-chemioterapia","tag-cure","tag-diagnosi","tag-donne","tag-entertainment","tag-figlia","tag-follower","tag-gravidanza","tag-hodgkin","tag-influencer","tag-iniziato","tag-intrattenimento","tag-it","tag-italia","tag-italy","tag-linfoma","tag-linfoma-hodgkin","tag-mese","tag-mese-gravidanza","tag-momenti","tag-nascita","tag-natalia","tag-natalia-paragoni","tag-paragoni","tag-scritto","tag-so","tag-social"],"share_on_mastodon":{"url":"https:\/\/pubeurope.com\/@it\/116703575735826569","error":""},"_links":{"self":[{"href":"https:\/\/www.europesays.com\/it\/wp-json\/wp\/v2\/posts\/526527","targetHints":{"allow":["GET"]}}],"collection":[{"href":"https:\/\/www.europesays.com\/it\/wp-json\/wp\/v2\/posts"}],"about":[{"href":"https:\/\/www.europesays.com\/it\/wp-json\/wp\/v2\/types\/post"}],"author":[{"embeddable":true,"href":"https:\/\/www.europesays.com\/it\/wp-json\/wp\/v2\/users\/3"}],"replies":[{"embeddable":true,"href":"https:\/\/www.europesays.com\/it\/wp-json\/wp\/v2\/comments?post=526527"}],"version-history":[{"count":0,"href":"https:\/\/www.europesays.com\/it\/wp-json\/wp\/v2\/posts\/526527\/revisions"}],"wp:featuredmedia":[{"embeddable":true,"href":"https:\/\/www.europesays.com\/it\/wp-json\/wp\/v2\/media\/526528"}],"wp:attachment":[{"href":"https:\/\/www.europesays.com\/it\/wp-json\/wp\/v2\/media?parent=526527"}],"wp:term":[{"taxonomy":"category","embeddable":true,"href":"https:\/\/www.europesays.com\/it\/wp-json\/wp\/v2\/categories?post=526527"},{"taxonomy":"post_tag","embeddable":true,"href":"https:\/\/www.europesays.com\/it\/wp-json\/wp\/v2\/tags?post=526527"}],"curies":[{"name":"wp","href":"https:\/\/api.w.org\/{rel}","templated":true}]}}