{"id":526537,"date":"2026-06-06T14:18:18","date_gmt":"2026-06-06T14:18:18","guid":{"rendered":"https:\/\/www.europesays.com\/it\/526537\/"},"modified":"2026-06-06T14:18:18","modified_gmt":"2026-06-06T14:18:18","slug":"vlahovic-al-como-cosa-ce-di-vero","status":"publish","type":"post","link":"https:\/\/www.europesays.com\/it\/526537\/","title":{"rendered":"Vlahovic al Como: cosa c&#8217;\u00e8 di vero"},"content":{"rendered":"<p><b><strong>Il Como pu\u00f2 prendere Dusan Vlahovic?<\/strong><\/b> La clamorosa ipotesi di mercato, rilanciata da 7Gold, <b><strong>al momento \u00e8 poco pi\u00f9 che una suggestione, ma non \u00e8 da escludere del tutto<\/strong><\/b>, fra le varie ipotesi che si possono prendere in considerazione per il futuro del classe 2000 serbo. Il club lariano, che ha centrato la sua prima storica qualificazione alla Champions League, far\u00e0 come sempre un mercato incentrato sulla valorizzazione dei giovani, ma dovr\u00e0 anche <b><strong>garantire a Cesc Fabregas una buona dose di esperienza e &#8216;peso&#8217; in vista della Champions. Il Como ha riscattato Alvaro Morata, ma non \u00e8 detto che lo spagnolo resti. <\/strong><\/b><\/p>\n<p><b><strong>L&#8217;operazione chiusa in estate col Milan per portare Morata a Como<\/strong><\/b> prevedeva un prestito da 1 milione di euro con diritto di riscatto a 9 che sarebbe diventato obbligo in caso di salvezza o con un minimo di presenze (pi\u00f9 altri 5 milioni al Galatasaray come indennizzo per interrompere il prestito in anticipo rispetto a giugno 2026 come previsto). In attesa dei comunicati ufficiali l&#8217;acquisto a titolo definitivo \u00e8 gi\u00e0 scattato da tempo, contratto fino al 2029 ma <b><strong>probabilmente le strade si separeranno gi\u00e0 quest&#8217;estate.<\/strong><\/b><\/p>\n<p><b><strong>L&#8217;ipotesi pi\u00f9 probabile per il futuro di Vlahovic \u00e8 l&#8217;estero, con l&#8217;Atletico Madrid in questo momento in pole position<\/strong><\/b>. Restano valide le considerazioni fatte, in casa Juve, da <b><strong>Giorgio Chiellini: &#8220;A queste cifre Dusan non resta in Italia&#8221;<\/strong><\/b>. A fronte dei 6 milioni a stagione offerti dalla Juve per il rinnovo, Vlahovic infatti ne chiedeva almeno 8. <b><strong>Difficile, quasi impossibile, che quei soldi possa darglieli il Como, ma se nel prosieguo del mercato il serbo non dovesse trovare nessuno disposto ad accontentarlo, anche il Como, che ha una propriet\u00e0 solidissima, potrebbe tentare l&#8217;impresa<\/strong><\/b>, specie <b><strong>se perdesse Nico Paz e se trovasse una soluzione in uscita per Morata. <\/strong><\/b><\/p>\n","protected":false},"excerpt":{"rendered":"Il Como pu\u00f2 prendere Dusan Vlahovic? La clamorosa ipotesi di mercato, rilanciata da 7Gold, al momento \u00e8 poco&hellip;\n","protected":false},"author":3,"featured_media":521619,"comment_status":"","ping_status":"","sticky":false,"template":"","format":"standard","meta":{"footnotes":"","_share_on_mastodon":"0"},"categories":[176],"tags":[353,3705,4330,1537,90,89,558,251,245,244,355],"class_list":["post-526537","post","type-post","status-publish","format-standard","has-post-thumbnail","category-sport","tag-calciomercato","tag-como","tag-d-vlahovic","tag-it","tag-italia","tag-italy","tag-juventus","tag-serie-a","tag-sport","tag-sports","tag-transfers"],"share_on_mastodon":{"url":"https:\/\/pubeurope.com\/@it\/116703599447020147","error":""},"_links":{"self":[{"href":"https:\/\/www.europesays.com\/it\/wp-json\/wp\/v2\/posts\/526537","targetHints":{"allow":["GET"]}}],"collection":[{"href":"https:\/\/www.europesays.com\/it\/wp-json\/wp\/v2\/posts"}],"about":[{"href":"https:\/\/www.europesays.com\/it\/wp-json\/wp\/v2\/types\/post"}],"author":[{"embeddable":true,"href":"https:\/\/www.europesays.com\/it\/wp-json\/wp\/v2\/users\/3"}],"replies":[{"embeddable":true,"href":"https:\/\/www.europesays.com\/it\/wp-json\/wp\/v2\/comments?post=526537"}],"version-history":[{"count":0,"href":"https:\/\/www.europesays.com\/it\/wp-json\/wp\/v2\/posts\/526537\/revisions"}],"wp:featuredmedia":[{"embeddable":true,"href":"https:\/\/www.europesays.com\/it\/wp-json\/wp\/v2\/media\/521619"}],"wp:attachment":[{"href":"https:\/\/www.europesays.com\/it\/wp-json\/wp\/v2\/media?parent=526537"}],"wp:term":[{"taxonomy":"category","embeddable":true,"href":"https:\/\/www.europesays.com\/it\/wp-json\/wp\/v2\/categories?post=526537"},{"taxonomy":"post_tag","embeddable":true,"href":"https:\/\/www.europesays.com\/it\/wp-json\/wp\/v2\/tags?post=526537"}],"curies":[{"name":"wp","href":"https:\/\/api.w.org\/{rel}","templated":true}]}}