{"id":526546,"date":"2026-06-06T14:24:14","date_gmt":"2026-06-06T14:24:14","guid":{"rendered":"https:\/\/www.europesays.com\/it\/526546\/"},"modified":"2026-06-06T14:24:14","modified_gmt":"2026-06-06T14:24:14","slug":"tragico-scontro-frontale-in-mugello-muore-motociclista-76enne","status":"publish","type":"post","link":"https:\/\/www.europesays.com\/it\/526546\/","title":{"rendered":"Tragico scontro frontale in Mugello, muore motociclista 76enne"},"content":{"rendered":"<p>Barberino di Mugello (Firenze), 6 giugno 2026 \u2013\u00a0Tragedia questa mattina sulle strade\u00a0del <strong>Mugello<\/strong>. Un uomo \u00e8 morto questa mattina per un incidente stradale in localit\u00e0 <strong>Cornocchio<\/strong>, nel territorio comunale di <strong>Barberino di\u00a0Mugello<\/strong>. Lo scontro \u00e8 avvenuto intorno alle 10,30 sulla strada provinciale 8. L\u2019uomo, L.C., 76 anni fiorentino, a bordo di una moto, si sarebbe scontrato frontalmente contro un\u2019auto. L\u2019incidente \u00e8 avvenuto su una curva, in prossimit\u00e0 del ristorante.<\/p>\n<p>Approfondisci:<\/p>\n<p><a href=\"https:\/\/www.lanazione.it\/firenze\/cronaca\/autodromo-incidenti-xo57d7jx\" class=\"ArticleEmbed_article__embed__content__Jzqnz\" rel=\"nofollow noopener\" target=\"_blank\">Si schianta in moto dentro l\u2019autodromo del Mugello, tifoso in codice rosso<img alt=\"Si schianta in moto dentro l\u2019autodromo del Mugello, tifoso in codice rosso\" loading=\"lazy\" width=\"140\" height=\"78\" decoding=\"async\" data-nimg=\"1\" style=\"color:transparent\"  src=\"https:\/\/www.europesays.com\/it\/wp-content\/uploads\/2026\/06\/un-ambulanza-in-una-foto-di-repertorio.webp\"\/><\/a> <\/p>\n<p>L\u2019automobile proveniva da Barberino, mentre il motociclista andava in senso opposto. Forse una manovra sbagliata, una curva presa troppo larga o troppo stretta, potrebbe essere all\u2019origine dell\u2019incidente, ma sar\u00e0 la polizia locale dell\u2019Unione dei Comuni del Mugello a verificare i dettagli e a tentare di ricostruire la dinamica dell\u2019incidente mortale.<\/p>\n<p> La conducente della macchina \u00e8 una barberinese di 56 anni. \u00c8 rimasta ferita ed \u00e8 stata portata all\u2019ospedale di Borgo San Lorenzo con un codice giallo, ma non sarebbe in pericolo.<\/p>\n","protected":false},"excerpt":{"rendered":"Barberino di Mugello (Firenze), 6 giugno 2026 \u2013\u00a0Tragedia questa mattina sulle strade\u00a0del Mugello. Un uomo \u00e8 morto questa&hellip;\n","protected":false},"author":3,"featured_media":526547,"comment_status":"","ping_status":"","sticky":false,"template":"","format":"standard","meta":{"footnotes":"","_share_on_mastodon":"0"},"categories":[79],"tags":[14,93,94,22080,14888,1537,90,89,32401,5513,13293,7,15,14857,22467,11,84,91,12,85,92],"class_list":["post-526546","post","type-post","status-publish","format-standard","has-post-thumbnail","category-italia","tag-cronaca","tag-cronaca-italiana","tag-cronacaitaliana","tag-enne","tag-frontale","tag-it","tag-italia","tag-italy","tag-motociclista","tag-mugello","tag-muore","tag-news","tag-notizie","tag-scontro","tag-tragico","tag-ultime-notizie","tag-ultime-notizie-e-news-di-oggi","tag-ultime-notizie-italia","tag-ultimenotizie","tag-ultimenotizieenewsdioggi","tag-ultimenotizieitalia"],"share_on_mastodon":{"url":"","error":""},"_links":{"self":[{"href":"https:\/\/www.europesays.com\/it\/wp-json\/wp\/v2\/posts\/526546","targetHints":{"allow":["GET"]}}],"collection":[{"href":"https:\/\/www.europesays.com\/it\/wp-json\/wp\/v2\/posts"}],"about":[{"href":"https:\/\/www.europesays.com\/it\/wp-json\/wp\/v2\/types\/post"}],"author":[{"embeddable":true,"href":"https:\/\/www.europesays.com\/it\/wp-json\/wp\/v2\/users\/3"}],"replies":[{"embeddable":true,"href":"https:\/\/www.europesays.com\/it\/wp-json\/wp\/v2\/comments?post=526546"}],"version-history":[{"count":0,"href":"https:\/\/www.europesays.com\/it\/wp-json\/wp\/v2\/posts\/526546\/revisions"}],"wp:featuredmedia":[{"embeddable":true,"href":"https:\/\/www.europesays.com\/it\/wp-json\/wp\/v2\/media\/526547"}],"wp:attachment":[{"href":"https:\/\/www.europesays.com\/it\/wp-json\/wp\/v2\/media?parent=526546"}],"wp:term":[{"taxonomy":"category","embeddable":true,"href":"https:\/\/www.europesays.com\/it\/wp-json\/wp\/v2\/categories?post=526546"},{"taxonomy":"post_tag","embeddable":true,"href":"https:\/\/www.europesays.com\/it\/wp-json\/wp\/v2\/tags?post=526546"}],"curies":[{"name":"wp","href":"https:\/\/api.w.org\/{rel}","templated":true}]}}