{"id":526619,"date":"2026-06-06T15:32:14","date_gmt":"2026-06-06T15:32:14","guid":{"rendered":"https:\/\/www.europesays.com\/it\/526619\/"},"modified":"2026-06-06T15:32:14","modified_gmt":"2026-06-06T15:32:14","slug":"mondiali-i-campionati-dove-giocano-i-1248-calciatori-convocati","status":"publish","type":"post","link":"https:\/\/www.europesays.com\/it\/526619\/","title":{"rendered":"Mondiali: i campionati dove giocano i 1248 calciatori convocati"},"content":{"rendered":"<p class=\"paragraph\" spellcheck=\"true\">\u00c8 tutto pronto per il Mondiale pi\u00f9 bello e lungo di sempre. Saranno 48 le nazionali &#8211; mai cos\u00ec tante &#8211; a sfidarsi tra Stati Uniti, Canada e Messico per conquistare il trofeo. L\u2019Italia per la terza volta di fila non ci sar\u00e0, gli &#8220;italiani&#8221; per\u00f2 non mancheranno: sono 71 i calciatori (tra Serie A e B) convocati dalle rispettive squadre sui 1248 in totale. Tra i campionati europei comanda la Premier League con ben 172 giocatori scelti per partecipare alla competizione: seguita da Bundesliga (91), Liga e Ligue 1 (76). Ma i commissari tecnici hanno selezionato i calciatori in ogni angolo del pianeta: c\u2019\u00e8 chi gioca tra i dilettanti e con il suo club \u00e8 addirittura retrocesso in 6\u00aa serie inglese (il neozelandese Smith con il Braintree Town) e chi prova a fare la differenza tra Malesia, Thailandia e Cina. C\u2019\u00e8 pure il difensore iracheno che ha appena vinto il campionato indonesiano con il club dell\u2019ex presidente dell\u2019Inter Thohir e due giocatori di Curacao che in Usl fanno volare il Miami Fc di Paolo Maldini.<\/p>\n","protected":false},"excerpt":{"rendered":"\u00c8 tutto pronto per il Mondiale pi\u00f9 bello e lungo di sempre. Saranno 48 le nazionali &#8211; mai&hellip;\n","protected":false},"author":3,"featured_media":526620,"comment_status":"","ping_status":"","sticky":false,"template":"","format":"standard","meta":{"footnotes":"","_share_on_mastodon":"0"},"categories":[1452],"tags":[8237,1952,721,15790,4014,554,10111,1740,3412,1570,1537,90,89,1980,34106,290634,38160,1353,1654,115,1821,1739,245,244],"class_list":["post-526619","post","type-post","status-publish","format-standard","has-post-thumbnail","category-calcio","tag-bundesliga","tag-calciatori","tag-calcio","tag-campionati","tag-canada","tag-club","tag-convocati","tag-football","tag-giocatori","tag-inglese","tag-it","tag-italia","tag-italy","tag-league","tag-liga","tag-liga-ligue","tag-ligue","tag-mondiale","tag-nazionali","tag-premier","tag-serie","tag-soccer","tag-sport","tag-sports"],"share_on_mastodon":{"url":"https:\/\/pubeurope.com\/@it\/116703890581660644","error":""},"_links":{"self":[{"href":"https:\/\/www.europesays.com\/it\/wp-json\/wp\/v2\/posts\/526619","targetHints":{"allow":["GET"]}}],"collection":[{"href":"https:\/\/www.europesays.com\/it\/wp-json\/wp\/v2\/posts"}],"about":[{"href":"https:\/\/www.europesays.com\/it\/wp-json\/wp\/v2\/types\/post"}],"author":[{"embeddable":true,"href":"https:\/\/www.europesays.com\/it\/wp-json\/wp\/v2\/users\/3"}],"replies":[{"embeddable":true,"href":"https:\/\/www.europesays.com\/it\/wp-json\/wp\/v2\/comments?post=526619"}],"version-history":[{"count":0,"href":"https:\/\/www.europesays.com\/it\/wp-json\/wp\/v2\/posts\/526619\/revisions"}],"wp:featuredmedia":[{"embeddable":true,"href":"https:\/\/www.europesays.com\/it\/wp-json\/wp\/v2\/media\/526620"}],"wp:attachment":[{"href":"https:\/\/www.europesays.com\/it\/wp-json\/wp\/v2\/media?parent=526619"}],"wp:term":[{"taxonomy":"category","embeddable":true,"href":"https:\/\/www.europesays.com\/it\/wp-json\/wp\/v2\/categories?post=526619"},{"taxonomy":"post_tag","embeddable":true,"href":"https:\/\/www.europesays.com\/it\/wp-json\/wp\/v2\/tags?post=526619"}],"curies":[{"name":"wp","href":"https:\/\/api.w.org\/{rel}","templated":true}]}}