{"id":526649,"date":"2026-06-06T15:59:15","date_gmt":"2026-06-06T15:59:15","guid":{"rendered":"https:\/\/www.europesays.com\/it\/526649\/"},"modified":"2026-06-06T15:59:15","modified_gmt":"2026-06-06T15:59:15","slug":"como-fabregas-e-la-differenza-tra-serie-a-e-premier-parole-a-the-athletic","status":"publish","type":"post","link":"https:\/\/www.europesays.com\/it\/526649\/","title":{"rendered":"Como, Fabregas e la differenza tra Serie A e Premier: parole a The Athletic"},"content":{"rendered":"<p>                                L&#8217;allenatore del Como a The Athletic: &#8220;Vincere in Italia \u00e8 molto difficile, ci sono tanti 0-0 o 1-0, cercano di annullarti difendendo e non attaccando&#8221;<\/p>\n<p class=\"paragraph\" spellcheck=\"true\">Cesc Fabregas \u00e8 un ottimo allenatore. La diplomazia per\u00f2 non rientra tra le sue qualit\u00e0. Non le ha mai mandate a dire. Durante la stagione appena conclusa tutti ricorderanno il battibecco a distanza con Max Allegri dopo Como-Milan, partita dominata dalla squadra dello spagnolo ma vinta dal Diavolo 3-1. Ora in un&#8217;intervista a The Athletic, l&#8217;allenatore dei lariani \u00e8 tornato sullo stile di gioco della Serie A, punzecchiando nuovamente i rivali: &#8220;Vincere in Italia \u00e8 difficile &#8211; ha detto Fabregas &#8211; Ci sono molti 0-0 e 1-0. Qui le squadre cercano di annullarti difendendo e pressando, non attaccando. Fidatevi, analizzo molto il calcio. Guardo la Bundesliga, la Liga e la Premier League. Le squadre si difendono in modo molto, molto diverso rispetto a come fanno in Italia. Quando guardi le squadre di Premier (<a href=\"https:\/\/open.spotify.com\/episode\/2HfC4v7ikw5eIGHXF1qQgG\" target=\"_blank\" rel=\"nofollow noopener\">qui le nostre pagelle della stagione inglese<\/a>), vedi una struttura. Vedi cosa cercano di fare. Vedi lo stile che vogliono imporre. Qui, molte volte, \u00e8 impossibile capire cosa sta succedendo. Ecco perch\u00e9 bisogna prestare molta attenzione ai dettagli&#8221;.<\/p>\n<p>    bordate\u2014 \u00a0<\/p>\n<p class=\"paragraph is-inline\" spellcheck=\"true\">Anche The Athletic non risparmia critiche al nostro campionato: &#8220;Fabregas fa poi un gesto che, ancora una volta, dimostra quanto sia diverso da molti altri allenatori che lavorano in Italia, dove i giovani sono visti con diffidenza e troppo spesso ignorati&#8221; si legge nell&#8217;articolo. &#8220;Conosco questi ragazzi &#8211; prosegue Cesc &#8211; E talento a parte, credo in loro ciecamente e quando un allenatore lo fa, otterr\u00e0 sempre il meglio da loro o far\u00e0 meglio di chi li porta solo perch\u00e9 ha dei buoni dati, ma non si fida del giocatore o non lo conosce. Quello che non capisco \u00e8 che a volte i club ingaggiano giocatori senza parlare con l&#8217;allenatore o senza che l&#8217;allenatore studi e parli con il giocatore. \u00c8 lui che deve farli giocare e migliorare&#8221;.<\/p>\n<p><a class=\"is-partner-link\" href=\"https:\/\/fantacampionato.gazzetta.it\/home?intcmp=CTAMondiale26\" rel=\"nofollow noopener\" target=\"_blank\">Dimostra di essere il migliore: il fantaconcorso pi\u00f9 ricco d&#8217;Italia diventa Mondiale! Abbonati a soli 9,99\u20ac<\/a><\/p>\n<p>    nico paz\u2014 \u00a0<\/p>\n<p class=\"paragraph is-inline\" spellcheck=\"true\">Fabregas parla poi di Dani\u00a0Guindos, suo assistente e della relazione con Jamestown Analytics: &#8220;Dani ha allenato Jacobo Ramon e Nico Paz quando era nell&#8217;accademia del Real Madrid. Quindi li conosce molto bene, conosce le loro personalit\u00e0. La prima cosa che guardiamo \u00e8 la persona. Nel mio primo incontro con un giocatore non parlo di calcio. Parlo solo della sua vita personale. Voglio identificare la sua mentalit\u00e0, spiegare chi siamo, come facciamo le cose, come lavoriamo. I giocatori e le loro famiglie sono pi\u00f9 importanti di chiunque altro. Si definiscono alcuni aspetti chiari sulla cultura della squadra e del club e solo dopo si inizia a parlare di calcio&#8221;.<\/p>\n<p class=\"is-above-copyright is-mr-r-10\" spellcheck=\"true\">La Gazzetta dello Sport<\/p>\n<p class=\"is-copyright\">\u00a9 RIPRODUZIONE RISERVATA<\/p>\n","protected":false},"excerpt":{"rendered":"L&#8217;allenatore del Como a The Athletic: &#8220;Vincere in Italia \u00e8 molto difficile, ci sono tanti 0-0 o 1-0,&hellip;\n","protected":false},"author":3,"featured_media":526650,"comment_status":"","ping_status":"","sticky":false,"template":"","format":"standard","meta":{"footnotes":"","_share_on_mastodon":"0"},"categories":[1452],"tags":[1960,290635,290636,167129,58464,721,6880,10171,290637,290638,4992,554,3705,4022,41567,127592,6927,5225,4975,1740,564,3412,5235,1537,90,89,115,1739,245,244,10976,628,192140,94329],"class_list":["post-526649","post","type-post","status-publish","format-standard","has-post-thumbnail","category-calcio","tag-allenatore","tag-annullarti","tag-annullarti-difendendo","tag-athletic","tag-attaccando","tag-calcio","tag-capire","tag-cercano","tag-cercano-annullarti","tag-cercano-annullarti-difendendo","tag-cesc","tag-club","tag-como","tag-conosce","tag-dani","tag-difendendo","tag-difficile","tag-diverso","tag-fabregas","tag-football","tag-giocatore","tag-giocatori","tag-impossibile","tag-it","tag-italia","tag-italy","tag-premier","tag-soccer","tag-sport","tag-sports","tag-squadre","tag-the","tag-the-athletic","tag-vedi"],"share_on_mastodon":{"url":"https:\/\/pubeurope.com\/@it\/116703996672478049","error":""},"_links":{"self":[{"href":"https:\/\/www.europesays.com\/it\/wp-json\/wp\/v2\/posts\/526649","targetHints":{"allow":["GET"]}}],"collection":[{"href":"https:\/\/www.europesays.com\/it\/wp-json\/wp\/v2\/posts"}],"about":[{"href":"https:\/\/www.europesays.com\/it\/wp-json\/wp\/v2\/types\/post"}],"author":[{"embeddable":true,"href":"https:\/\/www.europesays.com\/it\/wp-json\/wp\/v2\/users\/3"}],"replies":[{"embeddable":true,"href":"https:\/\/www.europesays.com\/it\/wp-json\/wp\/v2\/comments?post=526649"}],"version-history":[{"count":0,"href":"https:\/\/www.europesays.com\/it\/wp-json\/wp\/v2\/posts\/526649\/revisions"}],"wp:featuredmedia":[{"embeddable":true,"href":"https:\/\/www.europesays.com\/it\/wp-json\/wp\/v2\/media\/526650"}],"wp:attachment":[{"href":"https:\/\/www.europesays.com\/it\/wp-json\/wp\/v2\/media?parent=526649"}],"wp:term":[{"taxonomy":"category","embeddable":true,"href":"https:\/\/www.europesays.com\/it\/wp-json\/wp\/v2\/categories?post=526649"},{"taxonomy":"post_tag","embeddable":true,"href":"https:\/\/www.europesays.com\/it\/wp-json\/wp\/v2\/tags?post=526649"}],"curies":[{"name":"wp","href":"https:\/\/api.w.org\/{rel}","templated":true}]}}