{"id":526702,"date":"2026-06-06T16:49:14","date_gmt":"2026-06-06T16:49:14","guid":{"rendered":"https:\/\/www.europesays.com\/it\/526702\/"},"modified":"2026-06-06T16:49:14","modified_gmt":"2026-06-06T16:49:14","slug":"antonelli-in-pole-a-monaco-un-giro-magico-sentivo-fosse-buono","status":"publish","type":"post","link":"https:\/\/www.europesays.com\/it\/526702\/","title":{"rendered":"Antonelli in pole a Monaco: &#8220;Un giro magico, sentivo fosse buono&#8221;"},"content":{"rendered":"<p>                                Antonelli si gode la prima pole della carriera nel Principato, secondo italiano di sempre dopo Trulli: &#8220;Sentivo fosse un tentativo buono, speravo bastasse&#8221;. L&#8217;olandese in agguato: &#8220;Se mi avessero detto del 2\u00b0 posto avrei accettato&#8221;<\/p>\n<p>            <a class=\"image is-50x50\" href=\"https:\/\/www.gazzetta.it\/redazione\/giusto-ferronato\/\" rel=\"nofollow noopener\" target=\"_blank\"><br \/>\n                <img decoding=\"async\" class=\"is-rounded\" src=\"https:\/\/www.europesays.com\/it\/wp-content\/uploads\/2026\/03\/giusto-ferronato-avatar.png\" alt=\"Giusto Ferronato\"\/><br \/>\n            <\/a><\/p>\n<p>Giornalista<\/p>\n<p>                    6 giugno 2026 (modifica alle 18:47)  &#8211; MILANO<\/p>\n<p class=\"paragraph\" spellcheck=\"true\">\u201c\u00c8 stato uno di quei giri in cui sono riuscito a mettere tutto insieme, sapevo che l&#8217;ultimo era buono e speravo fosse sufficiente, oggi siamo riusciti a migliorare. \u00c8 stato un giro magico\u201d. Kimi Antonelli festeggia cos\u00ec la sua prima pole position in Formula 1 nel GP di Monaco, la seconda di sempre per un pilota italiano dopo Jarno Trulli nel 2004. Quattro vittorie consecutive, la vetta del Mondiale, la concreta possibilit\u00e0 di lottare domani per vincere al secondo anno in F1 un GP che per molti piloti sarebbe il coronamento di un\u2019intera carriera. Non \u00e8 solo quel giro a essere magico, \u00e8 proprio tutto il suo momento attuale.\u00a0<\/p>\n<p>    macchina da godere\u2014 \u00a0<\/p>\n<p class=\"paragraph is-inline\" spellcheck=\"true\">Intervistato appena dopo l\u2019impresa, il bolognese ha confermato la sua felicit\u00e0 e dato appuntamento a domani, il giorno della gara, quello ancora pi\u00f9 importante: \u201cDevi andare sempre pi\u00f9 vicino al limite &#8211; ha detto il leader del Mondiale &#8211; e non \u00e8 facile, sono felice di questa pole. Mi sto godendo la guida, la macchina e il weekend e vediamo domani che succeder\u00e0\u201d. Poi ai microfoni di Sky ha raccontato cos\u00ec la sua giornata: &#8220;Ogni volta prendo pi\u00f9 confidenza con la macchina e oggi \u00e8 stata una gran giornata, sono davvero contento. \u00c8 uno di quei giri dove riesci a mettere tutto insieme ed \u00e8 stato un giro davvero speciale, non ho fatto errori. Diciamo mi sono preso i rischi giusti, senza esagerare, e sicuramente quello ci ha portato a a ad ottenere la pole&#8221;. E poi ha ammesso che non \u00e8 stato un weekend semplice: &#8220;E&#8217; stata anche una pole sorprendente perch\u00e9 ieri facevamo fatica. E non nascondo che ero un po&#8217; preoccupato dopo le FP2. Ma stamattina, dal primo giro che ho fatto, la macchina \u00e8 come se avesse ripreso vita. Abbiamo abbiamo stravolto l&#8217;assetto e sicuramente la macchina mi dava molta pi\u00f9 confidenza nello spingere&#8221;.<\/p>\n<p>    olandese in agguato\u2014 \u00a0<\/p>\n<p class=\"paragraph is-inline\" spellcheck=\"true\">Dovr\u00e0 guardarsi al via da una Max Verstappen che lo ha fatto davvero penare, visto che si \u00e8 fermato a soli 43 millesimi dalla pole. \u201cSe ieri mi avessero detto che sarei arrivato in prima fila, avrei sicuramente accettato &#8211; ha detto il campione del mondo della Red Bull -. Fino a stamattina abbiamo avuto delle difficolt\u00e0, essere l\u00ec davanti \u00e8 positivo. Sono molto felice di essere in prima fila. Domani bisogner\u00e0 vedere la partenza, che non sar\u00e0 semplice. Con queste macchine siamo ancora pi\u00f9 al limite, ma quando riesci a fare un giro pulito \u00e8 davvero molto appagante\u201d ha aggiunto l\u2019olandese, per una volta meno imbronciato nel parlare delle monoposto 2026.<\/p>\n<p><a class=\"is-partner-link\" href=\"https:\/\/www.nowtv.it\/sport?dcmp=SPORT_SOCIAL_AW_PROS_Motori_CairoRCS_Gazzetta_CTA&amp;ead-publisher=N1792338.340088CAIRORCSMEDIAS.P.&amp;ead-name=N1792338.340088CAIRORCSMEDIAS.P.-35025367&amp;ead-location=439955329&amp;ead-creative=249314339&amp;ead-creativetype=1x1&amp;dya=4b3d5\" rel=\"nofollow noopener\" target=\"_blank\">Non perderti tutti i Gran Premi di Formula 1\u00ae e MotoGP\u2122 in esclusiva streaming su NOW! Attiva il Pass Sport da 14,99\u20ac al mese.<\/a><\/p>\n<p>    momento d&#8217;oro\u2014 \u00a0<\/p>\n<p class=\"paragraph is-inline\" spellcheck=\"true\">L&#8217;eco dei risultati di Kimi Antonelli non lascia indifferenti anche le istituzioni sportive italiane. Da registrare le parole di\u00a0Geronimo La Russa, presidente dell\u2019Automobile Club d\u2019Italia: \u201cAnche noi, come ha dichiarato Kimi Antonelli subito dopo le prove, non vediamo l\u2019ora che arrivi la gara. Un GP che, proprio grazie a Kimi e alle Ferrari, si prospetta avvincente e particolarmente interessante per i colori italiani\u201d. \u201cCome presidente della Federazione sportiva dell\u2019Automobile &#8211; conclude La Russa &#8211; non posso che complimentarmi con chi, a vari livelli e in diverse discipline, sta ottenendo risultati eccezionali. Prestazioni che esaltano il nostro Paese a livello internazionale\u201d.<\/p>\n<p class=\"is-copyright\">\u00a9 RIPRODUZIONE RISERVATA<\/p>\n","protected":false},"excerpt":{"rendered":"Antonelli si gode la prima pole della carriera nel Principato, secondo italiano di sempre dopo Trulli: &#8220;Sentivo fosse&hellip;\n","protected":false},"author":3,"featured_media":526703,"comment_status":"","ping_status":"","sticky":false,"template":"","format":"standard","meta":{"footnotes":"","_share_on_mastodon":"0"},"categories":[1456],"tags":[8398,1261,3993,55287,8757,290684,1902,1824,48850,1825,1278,1690,2245,1820,629,5183,6236,3369,290683,3345,1537,90,1599,89,3994,4043,3233,4044,63340,963,1353,6049,290685,16590,135,1918,290686,10333,245,244,4981],"class_list":["post-526702","post","type-post","status-publish","format-standard","has-post-thumbnail","category-ciclismo","tag-accettato","tag-agguato","tag-antonelli","tag-automobile","tag-buono","tag-buono-speravo","tag-carriera","tag-ciclismo","tag-confidenza","tag-cycling","tag-davvero","tag-domani","tag-felice","tag-fila","tag-gara","tag-giornata","tag-giri","tag-giro","tag-giro-magico","tag-gp","tag-it","tag-italia","tag-italiano","tag-italy","tag-kimi","tag-kimi-antonelli","tag-limite","tag-macchina","tag-magico","tag-mettere","tag-mondiale","tag-olandese","tag-olandese-agguato","tag-pole","tag-presidente","tag-quei","tag-quei-giri","tag-sicuramente","tag-sport","tag-sports","tag-vediamo"],"share_on_mastodon":{"url":"https:\/\/pubeurope.com\/@it\/116704193212245907","error":""},"_links":{"self":[{"href":"https:\/\/www.europesays.com\/it\/wp-json\/wp\/v2\/posts\/526702","targetHints":{"allow":["GET"]}}],"collection":[{"href":"https:\/\/www.europesays.com\/it\/wp-json\/wp\/v2\/posts"}],"about":[{"href":"https:\/\/www.europesays.com\/it\/wp-json\/wp\/v2\/types\/post"}],"author":[{"embeddable":true,"href":"https:\/\/www.europesays.com\/it\/wp-json\/wp\/v2\/users\/3"}],"replies":[{"embeddable":true,"href":"https:\/\/www.europesays.com\/it\/wp-json\/wp\/v2\/comments?post=526702"}],"version-history":[{"count":0,"href":"https:\/\/www.europesays.com\/it\/wp-json\/wp\/v2\/posts\/526702\/revisions"}],"wp:featuredmedia":[{"embeddable":true,"href":"https:\/\/www.europesays.com\/it\/wp-json\/wp\/v2\/media\/526703"}],"wp:attachment":[{"href":"https:\/\/www.europesays.com\/it\/wp-json\/wp\/v2\/media?parent=526702"}],"wp:term":[{"taxonomy":"category","embeddable":true,"href":"https:\/\/www.europesays.com\/it\/wp-json\/wp\/v2\/categories?post=526702"},{"taxonomy":"post_tag","embeddable":true,"href":"https:\/\/www.europesays.com\/it\/wp-json\/wp\/v2\/tags?post=526702"}],"curies":[{"name":"wp","href":"https:\/\/api.w.org\/{rel}","templated":true}]}}