{"id":526861,"date":"2026-06-06T19:15:16","date_gmt":"2026-06-06T19:15:16","guid":{"rendered":"https:\/\/www.europesays.com\/it\/526861\/"},"modified":"2026-06-06T19:15:16","modified_gmt":"2026-06-06T19:15:16","slug":"roberto-mancini-su-vialli-e-stato-come-perdere-un-fratello","status":"publish","type":"post","link":"https:\/\/www.europesays.com\/it\/526861\/","title":{"rendered":"Roberto Mancini su Vialli: &#8220;\u00c8 stato come perdere un fratello&#8221;"},"content":{"rendered":"<p>                                Al Festival di Parma, l&#8217;ex ct parla dell&#8217;amico di una vita: &#8220;Ho perso un punto di riferimento, avevamo un rapporto unico&#8221;<\/p>\n<p class=\"paragraph\" spellcheck=\"true\">L&#8217;amicizia con Gianluca Vialli, la fantastica esperienza alla Sampdoria, Boskov, Eriksson, Chivu ma soprattutto il successo Europeo nel 2021, l&#8217;ultima gioia che ci ha regalato la Nazionale e che a pochi giorni dall&#8217;inizio dei Mondiali, dove l&#8217;Italia non ci sar\u00e0, ci riporta indietro a momenti felici. Roberto Mancini si racconta sul palco del Teatro Regio di Parma in occasione del terzo Festival della Serie A, dove ha ricevuto il premio di tecnico leggendario. &#8220;Negli ultimi anni non ho avuto quello che cercavo &#8211; confessa l&#8217;ex ct, che dopo l&#8217;Italia ha guidato la nazionale araba -. Spero che in Italia mi ricordino in modo positivo, i ragazzi che all&#8217;epoca erano adolescenti mi ringraziano&#8221;. Nessun accenno al possibile ritorno sulla panchina azzurra, solo una frase sibillina: &#8220;Mi manca ancora qualcosa nella carriera di allenatore&#8221;.  Chiss\u00e0 che non sia un&#8217;altra esperienza da ct dell&#8217;Italia.<\/p>\n<p>    balotelli\u2014 \u00a0<\/p>\n<p class=\"paragraph is-inline\" spellcheck=\"true\">&#8220;Parma per me una citt\u00e0 speciale, ho vissuto tanti momenti unici segnando uno dei gol pi\u00f9 belli della mia carriera. Offese ne ho ricevute tante ma non sono molto importanti, a volte vanno accettate a volte lasciate andare&#8230; Spesso ho chiesto scusa, capita a tutti di sbagliare. Balotelli \u00e8 stato un grande calciatore, ha fatto di tutto per autosabotarsi per le qualit\u00e0 che aveva. \u00c8 anche un bravo ragazzo, non tutti lo conoscono&#8221;.<\/p>\n<p>    vialli\u2014 \u00a0<\/p>\n<p class=\"paragraph is-inline\" spellcheck=\"true\">&#8220;Ho perso un amico che lo \u00e8 stato per tutta la vita, abbiamo passato insieme gli anni pi\u00f9 belli, abbiamo vinto tanto e alla Samp abbiamo costruito qualcosa di speciale. Luca era unico, uno degli attaccanti pi\u00f9 forti del mondo. Mi \u00e8 mancato un punto di riferimento, per me \u00e8 come aver perso un fratello. Non ci sono parole in quell\u2019abbraccio dopo il successo a Euro 2021, per\u00f2 c&#8217;era tutto: siamo tornati a Wembley 30 anni dopo aver perso la Coppa Campioni con la Samp. Nei suoi ultimi anni Luca ha mostrato una forza incredibile, tornava a Londra un giorno, un giorno e mezzo per fare le cure perch\u00e9 non voleva lasciarci. Ci ha insegnato che nella vita non bisogna sprecare niente&#8221;.<\/p>\n<p>    la samp\u2014 \u00a0<\/p>\n<p class=\"paragraph is-inline\" spellcheck=\"true\">&#8220;Boskov sapeva che a volte andavamo a letto con le magliette della Samp, Luca e io dormivamo insieme ma a un certo punto ha iniziato a russare e ci siamo separati&#8230; Il presidente Paolo Mantovani prese 12-13 giocatori italiani e fece un capolavoro. Boskov il primo giorno ci disse che voleva vedere tutti con barba fatta e capelli tagliati. Essere allenati da lui \u00e8 stata una meraviglia, ci ha fatto pensare che potevamo essere il Real. Ogni tanto ci diceva &#8220;voi siete delle merde&#8221;&#8221;. Arrivammo a Londra per un torneo estivo e l&#8217;organizzazione ci diede un albergo assurdo, chiamai il presidente e ci fece spostare. L&#8217;idea di tornare alla Samp per quello che avrebbe voluto fare Luca esiste, non so se sar\u00e0 un&#8217;idea percorribile. A me piaceva mirare Vialli, colpirlo e fare gol cos\u00ec. Luca viveva per il gol e io mi divertivo a farlo segnare&#8221;.<\/p>\n<p>    talento\u2014 \u00a0<\/p>\n<p class=\"paragraph is-inline\" spellcheck=\"true\">&#8220;Da allenatore il talento devi averlo dentro perch\u00e9 non dipende pi\u00f9 da te, devi capire tante altre cose. Il colpo di tacco su calcio d&#8217;angolo con Mihajlovic lo abbiamo provato in allenamento almeno tre volte. Maradona \u00e8 Maradona, ma Messi non \u00e8 una figurina. Qualcosa ha fatto in carriera anche se il tempo passa per tutti&#8221;.<\/p>\n<p>    euro 2021\u2014 \u00a0<\/p>\n<p class=\"paragraph is-inline\" spellcheck=\"true\">&#8220;Vincere non \u00e8 mai semplice, ogni vittoria \u00e8 importante, la vittoria dell&#8217;Europeo ha qualcosa di speciale. In 4 anni non abbiamo mai perso, 37 risultati utili consecutivi, meglio del Brasile di Pel\u00e9. Era una squadra che faceva cose straordinarie, giocava a calcio, voleva creare qualcosa di diverso. I ragazzi sono stati bravi a crederci dall\u2019inizio. I discorsi di Vialli erano emozionanti. Quello che fece prima della finale fu veramente incredibile&#8221;.<\/p>\n<p><a class=\"is-partner-link\" href=\"https:\/\/fantacampionato.gazzetta.it\/home?intcmp=CTAMondiale26\" rel=\"nofollow noopener\" target=\"_blank\">Dimostra di essere il migliore: il fantaconcorso pi\u00f9 ricco d&#8217;Italia diventa Mondiale! Abbonati a soli 9,99\u20ac<\/a><\/p>\n<p>    eriksson, inter e chivu\u2014 \u00a0<\/p>\n<p class=\"paragraph is-inline\" spellcheck=\"true\">&#8220;Eriksson era una persona incredibile, di una bont\u00e0 impareggiabile, amato da tutti. Chivu l&#8217;ho preso io dall&#8217;Inter alla Roma. Quest&#8217;anno \u00e8 stato straordinario. Il campionato mi \u00e8 piaciuto. Io sono legato alla Nazionale dell&#8217;82, mi \u00e8 mancato non aver giocato la fase finale di un Mondiale: ho preso decisioni sbagliate. Le vittorie dell&#8217;Inter erano merito di Moratti sotto la sua gestione, comprava giocatori fantastici&#8221;. L&#8217;ultimo pensiero \u00e8 sempre rivolto a Vialli: &#8220;Sicuramente star\u00e0 pensando: chiss\u00e0 quante stupidaggini sta dicendo&#8230;&#8221;. L&#8217;Italia \u00e8 il passato ma potrebbe diventare pure il futuro.<\/p>\n<p class=\"is-copyright\">\u00a9 RIPRODUZIONE RISERVATA<\/p>\n","protected":false},"excerpt":{"rendered":"Al Festival di Parma, l&#8217;ex ct parla dell&#8217;amico di una vita: &#8220;Ho perso un punto di riferimento, avevamo&hellip;\n","protected":false},"author":3,"featured_media":526862,"comment_status":"","ping_status":"","sticky":false,"template":"","format":"standard","meta":{"footnotes":"","_share_on_mastodon":"0"},"categories":[176],"tags":[1960,4008,36330,25909,57462,721,1902,5369,2839,122,5886,124337,7882,91846,4876,724,3889,4631,1426,3688,3412,1976,128,4302,1302,350,1537,90,89,5122,6991,9793,6248,11997,4003,6301,489,3386,135,8559,494,19345,54297,10162,245,244,57468,13027],"class_list":["post-526861","post","type-post","status-publish","format-standard","has-post-thumbnail","category-sport","tag-allenatore","tag-amico","tag-balotelli","tag-belli","tag-boskov","tag-calcio","tag-carriera","tag-chissa","tag-chivu","tag-cose","tag-ct","tag-ct-italia","tag-devi","tag-eriksson","tag-esperienza","tag-euro","tag-europeo","tag-festival","tag-finale","tag-fratello","tag-giocatori","tag-gol","tag-idea","tag-incredibile","tag-inizio","tag-inter","tag-it","tag-italia","tag-italy","tag-londra","tag-luca","tag-mancato","tag-mancini","tag-maradona","tag-momenti","tag-parma","tag-passato","tag-perso","tag-presidente","tag-preso","tag-punto","tag-punto-riferimento","tag-samp","tag-speciale","tag-sport","tag-sports","tag-vialli","tag-voleva"],"share_on_mastodon":{"url":"https:\/\/pubeurope.com\/@it\/116704767387845181","error":""},"_links":{"self":[{"href":"https:\/\/www.europesays.com\/it\/wp-json\/wp\/v2\/posts\/526861","targetHints":{"allow":["GET"]}}],"collection":[{"href":"https:\/\/www.europesays.com\/it\/wp-json\/wp\/v2\/posts"}],"about":[{"href":"https:\/\/www.europesays.com\/it\/wp-json\/wp\/v2\/types\/post"}],"author":[{"embeddable":true,"href":"https:\/\/www.europesays.com\/it\/wp-json\/wp\/v2\/users\/3"}],"replies":[{"embeddable":true,"href":"https:\/\/www.europesays.com\/it\/wp-json\/wp\/v2\/comments?post=526861"}],"version-history":[{"count":0,"href":"https:\/\/www.europesays.com\/it\/wp-json\/wp\/v2\/posts\/526861\/revisions"}],"wp:featuredmedia":[{"embeddable":true,"href":"https:\/\/www.europesays.com\/it\/wp-json\/wp\/v2\/media\/526862"}],"wp:attachment":[{"href":"https:\/\/www.europesays.com\/it\/wp-json\/wp\/v2\/media?parent=526861"}],"wp:term":[{"taxonomy":"category","embeddable":true,"href":"https:\/\/www.europesays.com\/it\/wp-json\/wp\/v2\/categories?post=526861"},{"taxonomy":"post_tag","embeddable":true,"href":"https:\/\/www.europesays.com\/it\/wp-json\/wp\/v2\/tags?post=526861"}],"curies":[{"name":"wp","href":"https:\/\/api.w.org\/{rel}","templated":true}]}}