{"id":526896,"date":"2026-06-06T19:42:15","date_gmt":"2026-06-06T19:42:15","guid":{"rendered":"https:\/\/www.europesays.com\/it\/526896\/"},"modified":"2026-06-06T19:42:15","modified_gmt":"2026-06-06T19:42:15","slug":"baldini-prima-di-grecia-italia-la-conferenza-stampa","status":"publish","type":"post","link":"https:\/\/www.europesays.com\/it\/526896\/","title":{"rendered":"Baldini prima di Grecia-Italia, la conferenza stampa"},"content":{"rendered":"<p>                                Il ct ad interim chiude l&#8217;avventura in Grecia prima di passare il testimone: &#8220;Immaginate dove arriverebbero certi giocatori se avessero l&#8217;abitudine di lavorare come altrove. In questo Conte \u00e8 il numero uno&#8221;<\/p>\n<p class=\"paragraph\" spellcheck=\"true\">L\u2019ultima fatica lo \u00e8 per davvero: Silvio Baldini, ct ad interim, sfida la Grecia e passa il testimone. \u201cHo cercato di essere utile alla mia federazione, ho messo in campo tutta la mia metodologia perch\u00e9 \u2013 racconta \u2013 senza metodo non si va da nessuna parte\u2026E, poi, ho avuto la fortuna di lavorare con dei ragazzi stupendi, viverli da dentro \u00e8 l\u2019eredit\u00e0 pi\u00f9 bella\u201d. Il commissario tecnico arrivato in panchina per 180\u2019 dopo la tappa in Lussemburgo \u00e8 chiamato ad alzare il livello: i greci, qui ad Heraklion, sono pronti a servire la trappola. \u201cChieder\u00f2 alla squadra di non farsi prendere dall\u2019emozione e di non subire la pressione ambientale: se fanno ci\u00f2 che sanno, il resto viene da solo\u2026\u201d, racconta. Due i cambi rispetto a mercoled\u00ec sera: Ahanor per Favasulli e Ekhator per l\u2019infortunato Cherubini. Il resto vive sulla saggezza di Donnarumma in porta e sulla capacit\u00e0 di muoversi di Pio Esposito l\u00e0 davanti: in mezzo, il centrocampo pi\u00f9 affidabili con il fedelissimo Lipani \u2013 nell\u2019Under Baldini non ci rinuncia mai \u2013 pi\u00f9 Ndour e Pisilli. \u201cI calciatori si allenano due ore, due ore e mezza al giorno, gli altri sportivi molto di pi\u00f9: pensate alla Brignone o ai tennisti, sempre in pista per recuperare o sempre con la racchetta in mano. Quando parlo di metodo mi riferisco a questo: immaginate dove potrebbero arrivare i giocatori se avessero l\u2019abitudine a lavorare come fanno altrove\u2026\u201d, cos\u00ec Baldini. Per il ct ad interim \u201cla metodologia \u00e8 uno stile di vita: Conte pu\u00f2 stare simpatico o no, ma se non vince arriva secondo perch\u00e9 a proposito di metodologia \u00e8 il numero uno. Chi tra i ragazzi che stanno qui potrebbero fare gi\u00e0 il salto tra i grandi? Uno \u00e8 accanto a me\u2026\u201d, sorride. Accanto al commissario tecnico pronto a passare il testimone c\u2019\u00e8 il milanista Bartesaghi.<\/p>\n","protected":false},"excerpt":{"rendered":"Il ct ad interim chiude l&#8217;avventura in Grecia prima di passare il testimone: &#8220;Immaginate dove arriverebbero certi giocatori&hellip;\n","protected":false},"author":3,"featured_media":526897,"comment_status":"","ping_status":"","sticky":false,"template":"","format":"standard","meta":{"footnotes":"","_share_on_mastodon":"0"},"categories":[176],"tags":[20628,87739,5781,89783,65204,290790,290791,1952,290792,3758,11334,2790,5886,277007,3412,290793,290794,13969,1537,90,89,3776,5950,148952,245,244,37531],"class_list":["post-526896","post","type-post","status-publish","format-standard","has-post-thumbnail","category-sport","tag-abitudine","tag-abitudine-lavorare","tag-accanto","tag-allenano","tag-baldini","tag-baldini-ct","tag-baldini-ct-interim","tag-calciatori","tag-calciatori-allenano","tag-commissario","tag-commissario-tecnico","tag-conte","tag-ct","tag-ct-interim","tag-giocatori","tag-giocatori-abitudine","tag-giocatori-abitudine-lavorare","tag-interim","tag-it","tag-italia","tag-italy","tag-lavorare","tag-metodo","tag-metodologia","tag-sport","tag-sports","tag-testimone"],"share_on_mastodon":{"url":"https:\/\/pubeurope.com\/@it\/116704873541518016","error":""},"_links":{"self":[{"href":"https:\/\/www.europesays.com\/it\/wp-json\/wp\/v2\/posts\/526896","targetHints":{"allow":["GET"]}}],"collection":[{"href":"https:\/\/www.europesays.com\/it\/wp-json\/wp\/v2\/posts"}],"about":[{"href":"https:\/\/www.europesays.com\/it\/wp-json\/wp\/v2\/types\/post"}],"author":[{"embeddable":true,"href":"https:\/\/www.europesays.com\/it\/wp-json\/wp\/v2\/users\/3"}],"replies":[{"embeddable":true,"href":"https:\/\/www.europesays.com\/it\/wp-json\/wp\/v2\/comments?post=526896"}],"version-history":[{"count":0,"href":"https:\/\/www.europesays.com\/it\/wp-json\/wp\/v2\/posts\/526896\/revisions"}],"wp:featuredmedia":[{"embeddable":true,"href":"https:\/\/www.europesays.com\/it\/wp-json\/wp\/v2\/media\/526897"}],"wp:attachment":[{"href":"https:\/\/www.europesays.com\/it\/wp-json\/wp\/v2\/media?parent=526896"}],"wp:term":[{"taxonomy":"category","embeddable":true,"href":"https:\/\/www.europesays.com\/it\/wp-json\/wp\/v2\/categories?post=526896"},{"taxonomy":"post_tag","embeddable":true,"href":"https:\/\/www.europesays.com\/it\/wp-json\/wp\/v2\/tags?post=526896"}],"curies":[{"name":"wp","href":"https:\/\/api.w.org\/{rel}","templated":true}]}}