{"id":526947,"date":"2026-06-06T20:29:13","date_gmt":"2026-06-06T20:29:13","guid":{"rendered":"https:\/\/www.europesays.com\/it\/526947\/"},"modified":"2026-06-06T20:29:13","modified_gmt":"2026-06-06T20:29:13","slug":"laustria-avvisa-il-milan-vogliamo-tenere-rangnick-fino-alleuropeo","status":"publish","type":"post","link":"https:\/\/www.europesays.com\/it\/526947\/","title":{"rendered":"L&#8217;Austria avvisa il Milan: &#8220;Vogliamo tenere Rangnick fino all&#8217;Europeo&#8221;"},"content":{"rendered":"<p>                                Josef Pr\u00f6ll, presidente della federcalcio austriaca, ha parlato del futuro del dirigente tedesco: \u201cConosce le nostre risorse, deve prendere una decisione\u201d. E i rossoneri aspettano<\/p>\n<p class=\"paragraph\" spellcheck=\"true\">Se da una parte il Milan pressa, dall\u2019altra la federcalcio austriaca mette un freno e fa la sua parte. Uno tira da una parte, uno dall\u2019altra. E Ralf Rangnick, \u00e8 in mezzo. Aspetta, osserva, riflette. Intanto allena e fa riferimento solo alla federazione, dribblando ogni riferimento al futuro e al mercato. Cos\u00ec una mossa \u00e8 arrivata da Josef Pr\u00f6ll, presidente della \u00d6FB, la federazione calcistica dell&#8217;Austria. \u201cAbbiamo avuto vari incontri, vogliamo trattenerlo fino all&#8217;Europeo 2028. Conosce le nostre risorse, spetta a lui prendere una decisione\u201d, ha spiegato\u00a0all&#8217;intervallo della partita di qualificazione ai Mondiali femminili della nazionale austriaca contro la Slovenia.<\/p>\n<p>    palla a rr\u2014 \u00a0<\/p>\n<p class=\"paragraph is-inline\" spellcheck=\"true\">Gi\u00e0, a lui. Cosa vuole lui? Questa \u00e8 la grande domanda. Quello che si sa \u00e8 che Rangnick \u00e8 partito con l\u2019Austria per gli States senza aver dato una risposta alla federazione. Sa che loro lo terrebbero volentieri, ma allo stesso tempo sono mesi che il contratto \u00e8 pronto e lui non firma. La sensazione \u00e8 che la risposta &#8211; in un modo o nell\u2019altro &#8211; arriver\u00e0 nei prossimi giorni. Magari prima dell\u2019inizio del Mondiale (il debutto dell&#8217;Austria sar\u00e0 marted\u00ec 16 giugno contro la Giordania). Il Milan la settimana scorsa \u00e8 stato a Vienna, facendo un passo concreto. Oggi la federazione ne ha fatto un altro. Ralf resta in mezzo. Toccher\u00e0 a lui sciogliere le riserve.<\/p>\n","protected":false},"excerpt":{"rendered":"Josef Pr\u00f6ll, presidente della federcalcio austriaca, ha parlato del futuro del dirigente tedesco: \u201cConosce le nostre risorse, deve&hellip;\n","protected":false},"author":3,"featured_media":526948,"comment_status":"","ping_status":"","sticky":false,"template":"","format":"standard","meta":{"footnotes":"","_share_on_mastodon":"0"},"categories":[1452],"tags":[2537,8236,71037,721,4022,290800,1368,3889,5260,36451,290801,1740,1537,90,89,107338,290802,290803,553,8004,282518,1739,245,244],"class_list":["post-526947","post","type-post","status-publish","format-standard","has-post-thumbnail","category-calcio","tag-altra","tag-austria","tag-austriaca","tag-calcio","tag-conosce","tag-conosce-risorse","tag-decisione","tag-europeo","tag-federazione","tag-federcalcio","tag-federcalcio-austriaca","tag-football","tag-it","tag-italia","tag-italy","tag-josef","tag-josef-proll","tag-josef-proll-presidente","tag-milan","tag-prendere","tag-rangnick","tag-soccer","tag-sport","tag-sports"],"share_on_mastodon":{"url":"https:\/\/pubeurope.com\/@it\/116705058403885783","error":""},"_links":{"self":[{"href":"https:\/\/www.europesays.com\/it\/wp-json\/wp\/v2\/posts\/526947","targetHints":{"allow":["GET"]}}],"collection":[{"href":"https:\/\/www.europesays.com\/it\/wp-json\/wp\/v2\/posts"}],"about":[{"href":"https:\/\/www.europesays.com\/it\/wp-json\/wp\/v2\/types\/post"}],"author":[{"embeddable":true,"href":"https:\/\/www.europesays.com\/it\/wp-json\/wp\/v2\/users\/3"}],"replies":[{"embeddable":true,"href":"https:\/\/www.europesays.com\/it\/wp-json\/wp\/v2\/comments?post=526947"}],"version-history":[{"count":0,"href":"https:\/\/www.europesays.com\/it\/wp-json\/wp\/v2\/posts\/526947\/revisions"}],"wp:featuredmedia":[{"embeddable":true,"href":"https:\/\/www.europesays.com\/it\/wp-json\/wp\/v2\/media\/526948"}],"wp:attachment":[{"href":"https:\/\/www.europesays.com\/it\/wp-json\/wp\/v2\/media?parent=526947"}],"wp:term":[{"taxonomy":"category","embeddable":true,"href":"https:\/\/www.europesays.com\/it\/wp-json\/wp\/v2\/categories?post=526947"},{"taxonomy":"post_tag","embeddable":true,"href":"https:\/\/www.europesays.com\/it\/wp-json\/wp\/v2\/tags?post=526947"}],"curies":[{"name":"wp","href":"https:\/\/api.w.org\/{rel}","templated":true}]}}