{"id":527118,"date":"2026-06-06T22:58:14","date_gmt":"2026-06-06T22:58:14","guid":{"rendered":"https:\/\/www.europesays.com\/it\/527118\/"},"modified":"2026-06-06T22:58:14","modified_gmt":"2026-06-06T22:58:14","slug":"giorgia-monica-perju-scomparsa-a-16-anni-il-suo-cellulare-localizzato-per-lultima-volta-in-stazione-a-mestre-poi-il-silenzio-ricerche-in-corso","status":"publish","type":"post","link":"https:\/\/www.europesays.com\/it\/527118\/","title":{"rendered":"Giorgia Monica Perju scomparsa a 16 anni: il suo cellulare localizzato per l&#8217;ultima volta in stazione a Mestre, poi il silenzio. Ricerche in corso"},"content":{"rendered":"<p><strong><a href=\"https:\/\/www.ilgazzettino.it\/t\/morgano\" rel=\"nofollow noopener\" target=\"_blank\">MORGANO<\/a><\/strong> (TREVISO) &#8211; Ore di ansia e apprensione nel trevigiano per la <strong><a href=\"https:\/\/www.ilgazzettino.it\/t\/scomparsa\" rel=\"nofollow noopener\" target=\"_blank\">scomparsa<\/a><\/strong> di <strong>Giorgia Monica Perju<\/strong>, una ragazza di 16 anni residente a Morgano. <\/p>\n<p>Della giovane non si hanno pi\u00f9 notizie da ieri pomeriggio, venerd\u00ec 5 giugno, e la macchina delle ricerche si \u00e8 attivata immediatamente a pieno regime coinvolgendo le forze dell&#8217;ordine e le massime istituzioni del territorio.<\/p>\n<p>Anche il presidente della Regione Veneto, Alberto Stefani, ha voluto lanciare un accorato e tempestivo appello pubblico tramite i propri canali social per amplificare il messaggio e chiedere la massima collaborazione da parte della cittadinanza: \u00abPersona scomparsa \u2013 Aiutateci a condividere\u00bb, ha scritto il Governatore, esortando chiunque a far circolare l&#8217;identikit della sedicenne per supportare il lavoro degli inquirenti.<\/p>\n<p>\u00a0<\/p>\n<p>L&#8217;ultima traccia alla stazione di Mestre<\/p>\n<p>Secondo le primissime informazioni e i dati emersi dai rilievi tecnici, l&#8217;ultimo segnale utile \u00e8 legato alla geolocalizzazione del suo telefono cellulare, che risulta aver agganciato la cella della stazione ferroviaria di Venezia Mestre alle 15 di ieri, venerd\u00ec 5 giugno. Da quel momento, il telefono della sedicenne risulta spento o non raggiungibile, rendendo cruciale ogni singola segnalazione da parte di pendolari o passanti che si trovavano nello snodo ferroviario.<\/p>\n<p>\u00a0<\/p>\n<p>\u00a0<\/p>\n<p>La descrizione della giovane<\/p>\n<p>Le autorit\u00e0 hanno diffuso i dettagli fisici della ragazza per facilitarne l&#8217;individuazione. La 16enne \u00e8 alta circa un metro e cinquantacinque centimetri, pesa una cinquantina di chili, ha capelli e occhi castani.<\/p>\n<p>\u00a0<\/p>\n<p>\u00a0<\/p>\n<p>L&#8217;appello<\/p>\n<p>Chiunque ritenga di aver visto Giorgia Monica Perju o sia in possesso di informazioni utili, elementi o dettagli anche apparentemente insignificanti, \u00e8 pregato di contattare immediatamente i carabinieri al numero di emergenza 112.<\/p>\n","protected":false},"excerpt":{"rendered":"MORGANO (TREVISO) &#8211; Ore di ansia e apprensione nel trevigiano per la scomparsa di Giorgia Monica Perju, una&hellip;\n","protected":false},"author":3,"featured_media":527119,"comment_status":"","ping_status":"","sticky":false,"template":"","format":"standard","meta":{"footnotes":"","_share_on_mastodon":"0"},"categories":[6],"tags":[14,290886,8,1537,90,89,272186,7,15,82,9,83,10,8752,13,442,11,80,84,12,81,85],"class_list":["post-527118","post","type-post","status-publish","format-standard","has-post-thumbnail","category-ultime-notizie","tag-cronaca","tag-giorgia-monica-perju","tag-headlines","tag-it","tag-italia","tag-italy","tag-morgano","tag-news","tag-notizie","tag-notizie-di-cronaca","tag-notizie-principali","tag-notiziedicronaca","tag-notizieprincipali","tag-scomparsa","tag-titoli","tag-treviso","tag-ultime-notizie","tag-ultime-notizie-di-cronaca","tag-ultime-notizie-e-news-di-oggi","tag-ultimenotizie","tag-ultimenotiziedicronaca","tag-ultimenotizieenewsdioggi"],"share_on_mastodon":{"url":"https:\/\/pubeurope.com\/@it\/116705644118850560","error":""},"_links":{"self":[{"href":"https:\/\/www.europesays.com\/it\/wp-json\/wp\/v2\/posts\/527118","targetHints":{"allow":["GET"]}}],"collection":[{"href":"https:\/\/www.europesays.com\/it\/wp-json\/wp\/v2\/posts"}],"about":[{"href":"https:\/\/www.europesays.com\/it\/wp-json\/wp\/v2\/types\/post"}],"author":[{"embeddable":true,"href":"https:\/\/www.europesays.com\/it\/wp-json\/wp\/v2\/users\/3"}],"replies":[{"embeddable":true,"href":"https:\/\/www.europesays.com\/it\/wp-json\/wp\/v2\/comments?post=527118"}],"version-history":[{"count":0,"href":"https:\/\/www.europesays.com\/it\/wp-json\/wp\/v2\/posts\/527118\/revisions"}],"wp:featuredmedia":[{"embeddable":true,"href":"https:\/\/www.europesays.com\/it\/wp-json\/wp\/v2\/media\/527119"}],"wp:attachment":[{"href":"https:\/\/www.europesays.com\/it\/wp-json\/wp\/v2\/media?parent=527118"}],"wp:term":[{"taxonomy":"category","embeddable":true,"href":"https:\/\/www.europesays.com\/it\/wp-json\/wp\/v2\/categories?post=527118"},{"taxonomy":"post_tag","embeddable":true,"href":"https:\/\/www.europesays.com\/it\/wp-json\/wp\/v2\/tags?post=527118"}],"curies":[{"name":"wp","href":"https:\/\/api.w.org\/{rel}","templated":true}]}}