{"id":527132,"date":"2026-06-06T23:15:26","date_gmt":"2026-06-06T23:15:26","guid":{"rendered":"https:\/\/www.europesays.com\/it\/527132\/"},"modified":"2026-06-06T23:15:26","modified_gmt":"2026-06-06T23:15:26","slug":"tutto-per-la-mia-famiglia-la-nuova-soap-estiva-di-canale-5-trama-cast-e-anticipazioni","status":"publish","type":"post","link":"https:\/\/www.europesays.com\/it\/527132\/","title":{"rendered":"\u2018Tutto per la mia famiglia\u2019, la nuova soap estiva di canale 5: trama, cast e anticipazioni"},"content":{"rendered":"<p>Milano, 5 giugno 2026 \u2013<strong> &#8220;Tutto per la mia famiglia&#8221;<\/strong><strong> <\/strong>\u00e8 la nuova soap Mediaset che punta a tenere incollati allo schermo milioni di telespettatori, diventando il vero appuntamento fisso di questa estate (e non solo). In caso di risposta positiva del pubblico, la soap turca continuer\u00e0 ad essere trasmessa anche durante i mesi autunnali come accaduto in precedenza con altri titoli che, partiti come una scommessa, sono diventati un punto di forza del palinsesto di Cologno Monzese.<\/p>\n<p>Una storia che punta dritto al cuore <\/p>\n<p>Il titolo originale \u00e8 Karde\u015flerim \u2014 letteralmente &#8220;I miei fratelli&#8221; \u2014 e basta questo a far intuire il tono del racconto. La trama segue le vicende di <strong>Kadir, \u00d6mer, Asiye ed Emel Eren<\/strong>, quattro fratelli costretti a reinventarsi da zero dopo la tragica e improvvisa scomparsa dei genitori, Hatice e Veli. La serie \u00e8 un crescendo di emozioni: tra le difficolt\u00e0 di una vita che ti mette davanti ostacoli insormontabili e la necessit\u00e0 di doversi rimboccare le maniche ogni giorno, i protagonisti troveranno la forza di andare avanti solo grazie al legame indissolubile che li unisce. Ma, come ogni dizi (serie televisiva turca)\u00a0che si rispetti, non mancheranno i colpi di scena sentimentali e gli amori travolgenti pronti a complicare \u2013 e rendere ancora pi\u00f9 avvincente \u2013 il loro percorso.<\/p>\n<p>Un successo internazionale pronto a conquistare l\u2019Italia <\/p>\n<p>Trasmessa con enorme seguito in Turchia sul canale ATV dal 2021 al 2024, <strong>Tutto per la mia famiglia<\/strong> \u00e8 un prodotto solido e coinvolgente, articolato in quattro stagioni per un totale di 132 episodi. Il cast \u00e8 un altro punto di forza che far\u00e0 la gioia degli appassionati del genere. Ritroveremo volti gi\u00e0 molto amati dal pubblico italiano: tra i protagonisti brilla <strong>Su Burcu Yazg\u0131 Co\u015fkun<\/strong>, che i telespettatori di Canale 5 conoscono gi\u00e0 bene per la sua interpretazione di Canfeza Kilimci in <a rel=\"follow nofollow noopener\" href=\"https:\/\/www.quotidiano.net\/magazine\/stasera-in-tv\/stasera-in-tv-domenica-12-aprile-2026-e4983301-sck\/4\" target=\"_blank\">Racconto di una Notte<\/a>. Spazio anche ad Ahu Ya\u011ftu, celebre per aver vestito i panni dell&#8217;indimenticabile Piril ne La Forza di una Donna.<\/p>\n<p>Quando vedremo i fratelli Eren in TV? <\/p>\n<p>La curiosit\u00e0 sale, ma Mediaset mantiene ancora il riserbo sulla data precisa. Si sa, tuttavia, che l\u2019esordio \u00e8 previsto nel daytime di Canale 5 e arriver\u00e0 a brevissimo. Se siete pronti a immergervi in un nuovo dramma familiare dove la lealt\u00e0 e i sentimenti sono l\u2019unica ancora di salvezza, segnatevi il titolo: Tutto per la mia famiglia \u00e8 pronta a prendersi un posto speciale nel vostro pomeriggio televisivo. Riusciranno i fratelli Eren a conquistare il cuore del pubblico italiano tanto quanto i loro predecessori? La sfida \u00e8 ufficialmente aperta.<\/p>\n","protected":false},"excerpt":{"rendered":"Milano, 5 giugno 2026 \u2013 &#8220;Tutto per la mia famiglia&#8221; \u00e8 la nuova soap Mediaset che punta a&hellip;\n","protected":false},"author":3,"featured_media":527133,"comment_status":"","ping_status":"","sticky":false,"template":"","format":"standard","meta":{"footnotes":"","_share_on_mastodon":"0"},"categories":[1444],"tags":[1518,2773,2389,203,7785,1909,204,1537,90,89,273,11579,23114,139707,253],"class_list":["post-527132","post","type-post","status-publish","format-standard","has-post-thumbnail","category-tv","tag-anticipazioni","tag-canale","tag-cast","tag-entertainment","tag-estiva","tag-famiglia","tag-intrattenimento","tag-it","tag-italia","tag-italy","tag-nuova","tag-soap","tag-trama","tag-tutto","tag-tv"],"share_on_mastodon":{"url":"https:\/\/pubeurope.com\/@it\/116705711042446971","error":""},"_links":{"self":[{"href":"https:\/\/www.europesays.com\/it\/wp-json\/wp\/v2\/posts\/527132","targetHints":{"allow":["GET"]}}],"collection":[{"href":"https:\/\/www.europesays.com\/it\/wp-json\/wp\/v2\/posts"}],"about":[{"href":"https:\/\/www.europesays.com\/it\/wp-json\/wp\/v2\/types\/post"}],"author":[{"embeddable":true,"href":"https:\/\/www.europesays.com\/it\/wp-json\/wp\/v2\/users\/3"}],"replies":[{"embeddable":true,"href":"https:\/\/www.europesays.com\/it\/wp-json\/wp\/v2\/comments?post=527132"}],"version-history":[{"count":0,"href":"https:\/\/www.europesays.com\/it\/wp-json\/wp\/v2\/posts\/527132\/revisions"}],"wp:featuredmedia":[{"embeddable":true,"href":"https:\/\/www.europesays.com\/it\/wp-json\/wp\/v2\/media\/527133"}],"wp:attachment":[{"href":"https:\/\/www.europesays.com\/it\/wp-json\/wp\/v2\/media?parent=527132"}],"wp:term":[{"taxonomy":"category","embeddable":true,"href":"https:\/\/www.europesays.com\/it\/wp-json\/wp\/v2\/categories?post=527132"},{"taxonomy":"post_tag","embeddable":true,"href":"https:\/\/www.europesays.com\/it\/wp-json\/wp\/v2\/tags?post=527132"}],"curies":[{"name":"wp","href":"https:\/\/api.w.org\/{rel}","templated":true}]}}