{"id":527314,"date":"2026-06-07T02:16:22","date_gmt":"2026-06-07T02:16:22","guid":{"rendered":"https:\/\/www.europesays.com\/it\/527314\/"},"modified":"2026-06-07T02:16:22","modified_gmt":"2026-06-07T02:16:22","slug":"ciclomercato-2027-edoardo-affini-verso-il-rinnovo-con-la-visma-lease-a-bike","status":"publish","type":"post","link":"https:\/\/www.europesays.com\/it\/527314\/","title":{"rendered":"CicloMercato 2027, Edoardo Affini verso il rinnovo con la Visma | Lease a Bike"},"content":{"rendered":"<p>\t\t<img width=\"1200\" height=\"800\" src=\"https:\/\/www.europesays.com\/it\/wp-content\/uploads\/2026\/04\/1262785772.webp.webp\" class=\"attachment-full size-full wp-post-image\" alt=\"\" data-main-img=\"1\" decoding=\"async\" fetchpriority=\"high\"  \/><\/p>\n<p>\t\t\t\t\t\t\t \u00a9 Sirotti<\/p>\n<p>\t\t\t\t\t<a href=\"https:\/\/cyclingpro.net\/spaziociclismo\/altro\/scopri-lapp-ufficiale-di-spaziociclismo\/\" title=\"\" rel=\"nofollow noopener\" target=\"_blank\"><br \/>\n\t\t\t\t\t\t<img loading=\"lazy\" decoding=\"async\" src=\"https:\/\/www.europesays.com\/it\/wp-content\/uploads\/2025\/09\/1758060682_662_Banner-App-SpazioCiclismo.png\" alt=\"\" width=\"728\" height=\"91\"\/><br \/>\n\t\t\t\t\t<\/a><\/p>\n<p>Il futoro di <strong>Edoardo Affini<\/strong> \u00e8 ancora in maglia <strong>Team Visma | Lease a Bike<\/strong>. Il passista italiano, in forza alla compagine neerlandese dalla stagione 2021, \u00e8 ormai prossimo al rinnovo del contratto secondo quanto appreso da <a href=\"https:\/\/www.wielerflits.nl\/nieuws\/edoardo-affini-blijft-visma-lease-a-bike-trouw\/\" rel=\"nofollow noopener\" target=\"_blank\">Wielerflits<\/a>. \u00a0L\u2019azzurro si \u00e8 perfettamente integrato nel gruppo giallo-nero: vive nella regione del <strong>Drenthe<\/strong> con la famiglia, ha imparato la lingua ed \u00e8 a tutti gli effetti uno dei veterani, al pari di corridori come <strong>Jonas Vingegaard e Wout Van Aert<\/strong>. E su di lui c\u2019\u00e8 grande fiducia da parte del team: un gregario solido, capace di poter tirare chilometri e chilometri in pianura, che pu\u00f2 essere utile, come ha dimostrato, nelle Grandi Classiche, ma anche nei Grandi Giri per gestire le situazioni delicate nelle tappe pianeggianti. Non \u00e8 un caso che Affini far\u00e0 parte della spedizione per il <strong>Tour de France 2026<\/strong>, dopo aver corso, a partire da domani, il <strong>Tour Auvergne \u2013 Rh\u00f4ne-Alpes<\/strong>.<\/p>\n<p>Per Affini una bella occasione per poter proseguire la carriera con una delle realt\u00e0 pi\u00f9 forti del ciclismo mondiale. E chiss\u00e0 se con questo nuovo ciclo non possa arrivare l\u2019attesa vittoria. Malgrado la sua vita sia principalmente da gregario, il 29enne di Mantova \u00e8 andato in qualche occasione vicino al colpaccio, senza fortuna.<\/p>\n<p>Seguici<\/p>\n<p>\t\t\t\t\t\t\t\t\t\t<a href=\"https:\/\/news.google.com\/publications\/CAAqBwgKMNaVhQswhaiCAw?hl=it&amp;gl=IT&amp;ceid=IT%3Ait\" title=\"Google News\" target=\"_blank\" rel=\"nofollow noopener\" class=\"post-followus-btn google-new-btn\"><br \/>\n\t\t\t\t\t\t<img decoding=\"async\" src=\"https:\/\/cyclingpro.net\/spaziociclismo\/wp-content\/themes\/jannah\/assets\/images\/google-news.svg\" alt=\"Google News\" loading=\"lazy\" width=\"120\" height=\"22\"\/><br \/>\n\t\t\t\t\t<\/a><br \/>\n\t\t\t\t\t\t\t\t\t\t<a href=\"https:\/\/flipboard.com\/@SpazioCiclismo\" title=\"Flipboard\" target=\"_blank\" rel=\"nofollow noopener\" class=\"post-followus-btn flipboard-btn\"><br \/>\n\t\t\t\t\t\t<img decoding=\"async\" src=\"https:\/\/cyclingpro.net\/spaziociclismo\/wp-content\/themes\/jannah\/assets\/images\/flipboard.svg\" alt=\"Flipboard\" loading=\"lazy\" width=\"152\" height=\"30\"\/><br \/>\n\t\t\t\t\t<\/a><\/p>\n","protected":false},"excerpt":{"rendered":"\u00a9 Sirotti Il futoro di Edoardo Affini \u00e8 ancora in maglia Team Visma | Lease a Bike. Il&hellip;\n","protected":false},"author":3,"featured_media":466044,"comment_status":"","ping_status":"","sticky":false,"template":"","format":"standard","meta":{"footnotes":"","_share_on_mastodon":"0"},"categories":[1456],"tags":[1824,139641,1825,15702,1537,90,89,245,244,143176],"class_list":["post-527314","post","type-post","status-publish","format-standard","has-post-thumbnail","category-ciclismo","tag-ciclismo","tag-ciclomercato-2027","tag-cycling","tag-edoardo-affini","tag-it","tag-italia","tag-italy","tag-sport","tag-sports","tag-team-visma-lease-a-bike-2026"],"share_on_mastodon":{"url":"https:\/\/pubeurope.com\/@it\/116706423403806476","error":""},"_links":{"self":[{"href":"https:\/\/www.europesays.com\/it\/wp-json\/wp\/v2\/posts\/527314","targetHints":{"allow":["GET"]}}],"collection":[{"href":"https:\/\/www.europesays.com\/it\/wp-json\/wp\/v2\/posts"}],"about":[{"href":"https:\/\/www.europesays.com\/it\/wp-json\/wp\/v2\/types\/post"}],"author":[{"embeddable":true,"href":"https:\/\/www.europesays.com\/it\/wp-json\/wp\/v2\/users\/3"}],"replies":[{"embeddable":true,"href":"https:\/\/www.europesays.com\/it\/wp-json\/wp\/v2\/comments?post=527314"}],"version-history":[{"count":0,"href":"https:\/\/www.europesays.com\/it\/wp-json\/wp\/v2\/posts\/527314\/revisions"}],"wp:featuredmedia":[{"embeddable":true,"href":"https:\/\/www.europesays.com\/it\/wp-json\/wp\/v2\/media\/466044"}],"wp:attachment":[{"href":"https:\/\/www.europesays.com\/it\/wp-json\/wp\/v2\/media?parent=527314"}],"wp:term":[{"taxonomy":"category","embeddable":true,"href":"https:\/\/www.europesays.com\/it\/wp-json\/wp\/v2\/categories?post=527314"},{"taxonomy":"post_tag","embeddable":true,"href":"https:\/\/www.europesays.com\/it\/wp-json\/wp\/v2\/tags?post=527314"}],"curies":[{"name":"wp","href":"https:\/\/api.w.org\/{rel}","templated":true}]}}