{"id":527563,"date":"2026-06-07T07:22:14","date_gmt":"2026-06-07T07:22:14","guid":{"rendered":"https:\/\/www.europesays.com\/it\/527563\/"},"modified":"2026-06-07T07:22:14","modified_gmt":"2026-06-07T07:22:14","slug":"vasco-apre-ufficialmente-il-live-2026-a-ferrara-le-foto-del-concerto","status":"publish","type":"post","link":"https:\/\/www.europesays.com\/it\/527563\/","title":{"rendered":"Vasco apre ufficialmente il live 2026 a Ferrara: le foto del concerto"},"content":{"rendered":"<p><a href=\"https:\/\/www.spettakolo.it\/wp-content\/uploads\/2026\/06\/2026-Vasco-Rossi-Ferrara-16.jpg\" data-caption=\"\" rel=\"nofollow noopener\" target=\"_blank\"><img loading=\"lazy\" decoding=\"async\" width=\"640\" height=\"427\" class=\"entry-thumb td-modal-image\" src=\"https:\/\/www.europesays.com\/it\/wp-content\/uploads\/2026\/06\/2026-Vasco-Rossi-Ferrara-16-640x427.jpg\"   alt=\"vasco ferrara\" title=\"2026 Vasco Rossi Ferrara-16\"\/><\/a><\/p>\n<p>\u00c8 partito ufficialmente al Parco Urbano G. Bassani di <strong>Ferrara<\/strong> il <strong>Vasco<\/strong> live 2026, dopo i due appuntamenti riminesi della settimana scorsa, tra <a href=\"https:\/\/www.spettakolo.it\/2026\/05\/29\/data-zero-e-soundcheck-questa-e-la-storia\/\" target=\"_blank\" rel=\"noopener nofollow\">Soundcheck<\/a> per il fan club e data zero.<\/p>\n<p>La <strong>sorpresa<\/strong> pi\u00f9 grande per il pubblico, per\u00f2, \u00e8 arrivata ancor prima dell\u2019inizio del concerto, sebbene fosse attesa: dopo la campagna pubblicitaria in oltre 20 citt\u00e0 ed il video teaser andato in onda sulle reti Mediaset, dai maxischermi del palco \u00e8 stato svelato il progetto <a href=\"https:\/\/www.spettakolo.it\/2026\/06\/05\/vasco-rossi-nel-2027-la-grande-festa-sara-a-roma\/\" target=\"_blank\" rel=\"noopener nofollow\">Roma 2027<\/a> per i 50 anni di carriera. Un vero e proprio Giubileo i cui dettagli verrano svelati nelle prossime settimane.<\/p>\n<p>Sul palco insieme a Vasco la stessa band dell\u2019anno scorso: <strong>Donald Renda<\/strong> alla batteria, <strong>Andrea Torresani<\/strong> al basso, <strong>Alberto Rocchetti<\/strong> alle tastiere, <strong>Antonello Urso<\/strong> alle chitarre acustiche e programmazioni, <strong>Roberta Montanari<\/strong> ai cori, <strong>Andrea Ferrario<\/strong> al sax, <strong>Tiziano Bianchi<\/strong> alla tromba, <strong>Roberto Solimando<\/strong> al trombone, <strong>Vince Pastano<\/strong> alle chitarre e alla direzione musicale, <strong>Stef Burns<\/strong> alle chitarre. Guest star <strong>Claudio \u201cGallo\u201d Golinelli<\/strong>, che suona il basso su Siamo solo noi.<\/p>\n<p>I prossimi appuntamenti del Vasco live 2026<\/p>\n<p>6 giugno \u2013 <strong>Ferrara<\/strong>, Parco Urbano G. Bassani<br \/>12 giugno \u2013 <strong>Olbia<\/strong>, Olbia Arena<br \/>13 giugno \u2013 <strong>Olbia<\/strong>, Olbia Arena<br \/>18 giugno \u2013 <strong>Bari<\/strong>, Stadio San Nicola<br \/>19 giugno \u2013 <strong>Bari<\/strong>, Stadio San Nicola<br \/>23 giugno \u2013 <strong>Ancona<\/strong>, Stadio del Conero<br \/>24 giugno \u2013 <strong>Ancona<\/strong>, Stadio del Conero<br \/>28 giugno \u2013 <strong>Udine<\/strong>, Bluenergy Stadium<br \/>29 giugno \u2013 <strong>Udine<\/strong>, Bluenergy Stadium<\/p>\n<p>Il tour \u00e8 ovviamente <strong>sold out<\/strong>, ma si possono trovare dei biglietti lastminute su <a href=\"https:\/\/www.fansale.it\/tickets\/all\/vasco-rossi\/464108\" target=\"_blank\" rel=\"noopener nofollow\">Fansale<\/a> e <a href=\"https:\/\/vascolive-shop.vivaticket.it\/\" target=\"_blank\" rel=\"noopener nofollow\">Vivaticket<\/a>.<\/p>\n<p>Le foto del concertoLa scaletta del concerto<\/p>\n<ol>\n<li>Vado al massimo<\/li>\n<li>Ormai \u00e8 tardi<\/li>\n<li>Fegato, fegato spappolato<\/li>\n<li>Una nuova canzone per lei<\/li>\n<li>Bolle di sapone<\/li>\n<li>Alibi<\/li>\n<li>Sono ancora in coma<\/li>\n<li>Ciao<\/li>\n<li>Domani s\u00ec adesso no<\/li>\n<li>Tango\u2026 (della gelosia)<\/li>\n<li>Luned\u00ec<\/li>\n<li>Interludio live 026<\/li>\n<li>Marea<\/li>\n<li>Siamo soli<\/li>\n<li>Se ti potessi dire<\/li>\n<li>(per quello che ho da fare) Faccio il militare<\/li>\n<li>Gli spari sopra<\/li>\n<li>C\u2019\u00e8 chi dice no<\/li>\n<li>\u2026..Stupendo<\/li>\n<li>Rewind<\/li>\n<li>Un mondo migliore<\/li>\n<\/ol>\n<ol start=\"22\">\n<li>La noia<\/li>\n<li>Sally<\/li>\n<li>Siamo solo noi (con il Gallo)<\/li>\n<li>Vita spericolata<\/li>\n<li>Canzone<\/li>\n<li>Albachiara<\/li>\n<\/ol>\n","protected":false},"excerpt":{"rendered":"\u00c8 partito ufficialmente al Parco Urbano G. Bassani di Ferrara il Vasco live 2026, dopo i due appuntamenti&hellip;\n","protected":false},"author":3,"featured_media":527564,"comment_status":"","ping_status":"","sticky":false,"template":"","format":"standard","meta":{"footnotes":"","_share_on_mastodon":"0"},"categories":[1443],"tags":[291132,203,5493,204,1537,90,89,1538,1539,291133,2254,134125],"class_list":["post-527563","post","type-post","status-publish","format-standard","has-post-thumbnail","category-musica","tag-70-volte-vasco","tag-entertainment","tag-ferrara","tag-intrattenimento","tag-it","tag-italia","tag-italy","tag-music","tag-musica","tag-parco-urbano-ferrara","tag-vasco-rossi","tag-vasco-live"],"share_on_mastodon":{"url":"https:\/\/pubeurope.com\/@it\/116707626573519957","error":""},"_links":{"self":[{"href":"https:\/\/www.europesays.com\/it\/wp-json\/wp\/v2\/posts\/527563","targetHints":{"allow":["GET"]}}],"collection":[{"href":"https:\/\/www.europesays.com\/it\/wp-json\/wp\/v2\/posts"}],"about":[{"href":"https:\/\/www.europesays.com\/it\/wp-json\/wp\/v2\/types\/post"}],"author":[{"embeddable":true,"href":"https:\/\/www.europesays.com\/it\/wp-json\/wp\/v2\/users\/3"}],"replies":[{"embeddable":true,"href":"https:\/\/www.europesays.com\/it\/wp-json\/wp\/v2\/comments?post=527563"}],"version-history":[{"count":0,"href":"https:\/\/www.europesays.com\/it\/wp-json\/wp\/v2\/posts\/527563\/revisions"}],"wp:featuredmedia":[{"embeddable":true,"href":"https:\/\/www.europesays.com\/it\/wp-json\/wp\/v2\/media\/527564"}],"wp:attachment":[{"href":"https:\/\/www.europesays.com\/it\/wp-json\/wp\/v2\/media?parent=527563"}],"wp:term":[{"taxonomy":"category","embeddable":true,"href":"https:\/\/www.europesays.com\/it\/wp-json\/wp\/v2\/categories?post=527563"},{"taxonomy":"post_tag","embeddable":true,"href":"https:\/\/www.europesays.com\/it\/wp-json\/wp\/v2\/tags?post=527563"}],"curies":[{"name":"wp","href":"https:\/\/api.w.org\/{rel}","templated":true}]}}