{"id":527586,"date":"2026-06-07T07:45:11","date_gmt":"2026-06-07T07:45:11","guid":{"rendered":"https:\/\/www.europesays.com\/it\/527586\/"},"modified":"2026-06-07T07:45:11","modified_gmt":"2026-06-07T07:45:11","slug":"kimi-antonelli-somiglia-solo-a-se-stesso-la-sua-grandezza-e-diversa","status":"publish","type":"post","link":"https:\/\/www.europesays.com\/it\/527586\/","title":{"rendered":"Kimi Antonelli somiglia solo a se stesso: la sua grandezza \u00e8 diversa"},"content":{"rendered":"<p>    di<br \/>\n    Giorgio Terruzzi<\/p>\n<p class=\"summary-art is-line-h-12\">Antonelli non \u00e8 Senna, non \u00e8 Schumacher, non \u00e8 Clark: somiglia solo a se stesso. A 18 anni domina la Formula 1 con naturalezza disarmante, persino Verstappen ha capito di avere un nuovo antagonista<\/p>\n<p class=\"chapter-paragraph\">La notizia la diamo per certa e per l&#8217;annuncio non serve un solo grammo di nazionalismo: abbiamo <b>un ragazzo destinato ad aprire un ciclo<\/b> tutto suo. Il ragazzo si chiama <b>Kimi Antonelli, viaggia davanti a tutti<\/b> dal marzo scorso, piazza <a href=\"https:\/\/www.corriere.it\/sport\/formula-1\/diretta-live\/26_giugno_06\/gp-monaco-prove-libere-qualifiche-diretta.shtml\" title=\"Gp Monaco: le qualifiche in diretta: Antonelli in pole davanti a Verstappen e Hamilton. Leclerc a muro, scatter\u00e0 quarto\" target=\"_blank\" rel=\"nofollow noopener\">una pole strepitosa anche a Montecarlo<\/a>, scende dalla sua Mercedes e sembra un bimbo che torna a casa sorridente dopo una passeggiatina, un gelato panna e cioccolato. <b>Fresco sempre, trasportato da una naturalezza<\/b> che un po&#8217; tutti cerchiamo di interpretare, di abbinare a chi ha segnalato grandezze comparabili prima di lui.<\/p>\n<p class=\"chapter-paragraph\"><b>Il primo riferimento porta a Senna<\/b>, cinque volte il pi\u00f9 veloce su questa pista da saltimbanchi. Ma Kimi ricorda Ayrton solo vagamente nella fisionomia, sprovvisto com&#8217;\u00e8 del misticismo, delle ombre che attraversavano l&#8217;anima di quell&#8217;indimenticabile brasiliano. Stati di grazia, certo, ma lontani nei modi, nelle significanze e nelle parole anche perch\u00e9 <b>Senna si rivel\u00f2 davvero quando aveva sei anni pi\u00f9 di Antonelli<\/b> ed era portatore di una storia personale diversa. No, Kimi si diverte, se la gode, schiva ogni patimento, <b>senza ostentare la forza fisica di Schumacher<\/b>, quella fame atavica che mosse Michael sin dai primi chilometri.    &#13;<br \/>\n&#13;<br \/>\n&#13;<br \/>\n&#13;<br \/>\n&#13;<br \/>\n&#13;<br \/>\n&#13;<br \/>\n&#13;<br \/>\n&#13;<br \/>\n&#13;<br \/>\n&#13;<br \/>\n&#13;<br \/>\n&#13;<br \/>\n&#13;<br \/>\n&#13;<br \/>\n&#13;<br \/>\n&#13;<br \/>\n&#13;<br \/>\n&#13;<br \/>\n&#13;<br \/>\n&#13;<br \/>\n&#13;<br \/>\n&#13;<br \/>\n&#13;<br \/>\n&#13;<br \/>\n&#13;<br \/>\n&#13;<br \/>\n&#13;<br \/>\n&#13;<br \/>\n&#13;<br \/>\n&#13;<br \/>\n&#13;<br \/>\n&#13;<br \/>\n&#13;<br \/>\n&#13;<br \/>\n&#13;<br \/>\n&#13;<br \/>\n&#13;<br \/>\n&#13;<br \/>\n&#13;<br \/>\n&#13;<br \/>\n&#13;<br \/>\n&#13;<br \/>\n&#13;<br \/>\n&#13;<br \/>\n&#13;<br \/>\n&#13;<br \/>\n&#13;<br \/>\n&#13;<br \/>\n&#13;<br \/>\n&#13;<br \/>\n&#13;<br \/>\n&#13;\n<\/p>\n<p class=\"chapter-paragraph\"><b>Questo ricciolino vince e batte tutti con un&#8217;apparente assenza di rabbia<\/b>, ostenta piuttosto il tenero sorriso e la superiore serenit\u00e0 di Jim Clark, il cui saluto con pollice alzato, datato 1967, ha replicato conquistando in Cina il suo primo Gp. Mostra una sorta di intima indulgenza di fronte a <a href=\"https:\/\/www.corriere.it\/sport\/formula-1\/25_aprile_17\/antonelli-russell-ripetizioni-matematica-b02f3e30-8d30-42c5-a226-416bc4e50xlk.shtml\" title=\"Antonelli chiede a Russell ripetizioni di matematica: \u00abKimi davvero vai ancora a scuola?\u00bb\" target=\"_blank\" rel=\"nofollow noopener\">George Russell, il primo e forse l&#8217;unico ad avere misura del guaio che gli \u00e8 capitato<\/a>, lui s\u00ec simile ad Alain Prost quando comprese di trovarsi al fianco di Senna nel 1988. \u00c8 che Antonelli somiglia solo a se stesso.<\/p>\n<p class=\"chapter-paragraph\">Nel momento in cui compie una rivoluzione si comporta come se stesse facendo il suo compito in classe. <b>Studio e applicazione, il resto arriva di conseguenza<\/b>, dunque non c&#8217;\u00e8 da stupirsi se non dello stupore di chi gli sta di fronte, anzi dietro. Tutti, compreso Verstappen, il quale ha colto, da animale da preda quale \u00e8, la presenza di un capobranco diverso da lui. Un antagonista nuovo, pulito e stimolante, pronto a sfidarlo, a fargli tornare la voglia di questa F1.<\/p>\n<p class=\"is-last-update\" datetime=\"2026-06-06T22:37:14+02:00\">7 giugno 2026<\/p>\n<p class=\"is-copyright\">\n            \u00a9 RIPRODUZIONE RISERVATA\n        <\/p>\n","protected":false},"excerpt":{"rendered":"di Giorgio Terruzzi Antonelli non \u00e8 Senna, non \u00e8 Schumacher, non \u00e8 Clark: somiglia solo a se stesso.&hellip;\n","protected":false},"author":3,"featured_media":527587,"comment_status":"","ping_status":"","sticky":false,"template":"","format":"standard","meta":{"footnotes":"","_share_on_mastodon":"0"},"categories":[1451],"tags":[75473,291169,291170,61325,48211,291171,18030,291172,66125,3993,291168,1621,1620,99361,2729,203,1346,204,1537,90,89,3994,4043,174326,5402,56356,46999,60175,10860],"class_list":["post-527586","post","type-post","status-publish","format-standard","has-post-thumbnail","category-celebrita","tag-abbinare","tag-abbinare-segnalato","tag-abbinare-segnalato-grandezze","tag-alain","tag-alain-prost","tag-alain-prost-comprese","tag-alzato","tag-alzato-datato","tag-antagonista","tag-antonelli","tag-antonelli-somiglia","tag-celebrita","tag-celebrities","tag-clark","tag-diversa","tag-entertainment","tag-fronte","tag-intrattenimento","tag-it","tag-italia","tag-italy","tag-kimi","tag-kimi-antonelli","tag-naturalezza","tag-ragazzo","tag-schumacher","tag-senna","tag-somiglia","tag-verstappen"],"share_on_mastodon":{"url":"https:\/\/pubeurope.com\/@it\/116707716559601563","error":""},"_links":{"self":[{"href":"https:\/\/www.europesays.com\/it\/wp-json\/wp\/v2\/posts\/527586","targetHints":{"allow":["GET"]}}],"collection":[{"href":"https:\/\/www.europesays.com\/it\/wp-json\/wp\/v2\/posts"}],"about":[{"href":"https:\/\/www.europesays.com\/it\/wp-json\/wp\/v2\/types\/post"}],"author":[{"embeddable":true,"href":"https:\/\/www.europesays.com\/it\/wp-json\/wp\/v2\/users\/3"}],"replies":[{"embeddable":true,"href":"https:\/\/www.europesays.com\/it\/wp-json\/wp\/v2\/comments?post=527586"}],"version-history":[{"count":0,"href":"https:\/\/www.europesays.com\/it\/wp-json\/wp\/v2\/posts\/527586\/revisions"}],"wp:featuredmedia":[{"embeddable":true,"href":"https:\/\/www.europesays.com\/it\/wp-json\/wp\/v2\/media\/527587"}],"wp:attachment":[{"href":"https:\/\/www.europesays.com\/it\/wp-json\/wp\/v2\/media?parent=527586"}],"wp:term":[{"taxonomy":"category","embeddable":true,"href":"https:\/\/www.europesays.com\/it\/wp-json\/wp\/v2\/categories?post=527586"},{"taxonomy":"post_tag","embeddable":true,"href":"https:\/\/www.europesays.com\/it\/wp-json\/wp\/v2\/tags?post=527586"}],"curies":[{"name":"wp","href":"https:\/\/api.w.org\/{rel}","templated":true}]}}