{"id":527635,"date":"2026-06-07T08:33:13","date_gmt":"2026-06-07T08:33:13","guid":{"rendered":"https:\/\/www.europesays.com\/it\/527635\/"},"modified":"2026-06-07T08:33:13","modified_gmt":"2026-06-07T08:33:13","slug":"cobolli-lamico-bove-a-parigi-per-la-finale-con-zverev-al-roland-garros","status":"publish","type":"post","link":"https:\/\/www.europesays.com\/it\/527635\/","title":{"rendered":"Cobolli, l&#8217;amico Bove a Parigi per la finale con Zverev al Roland Garros"},"content":{"rendered":"<p>                                Edoardo, centrocampista del Watford nell&#8217;ultima stagione, ha assistito alla rifinitura di Flavio alla vigilia della finale con Zverev: &#8220;Si \u00e8 costruito il destino&#8221;<\/p>\n<p>                    7 giugno &#8211; 09:17  &#8211; PARIGI<\/p>\n<p class=\"paragraph\" spellcheck=\"true\">Edoardo \u00e8 con lui. C\u2019era fin da quando erano bambini, da quando giocavano a calcio e sognavano un futuro nella Roma. Edoardo Bove e Flavio Cobolli sono quasi fratelli. Anche se le loro strade si sono divise, tra calcio e tennis, l\u2019amicizia non si \u00e8 mai affievolita. Anzi, si \u00e8 rinsaldata. Flavio \u00e8 stato molto vicino a Edoardo dopo il problema al cuore che il 1\u00b0 dicembre 2024 ne ha cambiato la carriera. E Bove lo segue spesso negli appuntamenti importanti sul campo da tennis. C\u2019era lo scorso anno, con lo storico quarto di finale a Wimbledon, volato a Londra dopo che Cobbo, in un\u2019intervista dopo aver superato il terzo turno, aveva ammesso: &#8220;Cosa mi manca qui? La mia ragazza e Bove&#8221;. E dopo aver vinto Acapulco, il romano aveva sottolineato la gioia per il ritorno al calcio dell\u2019amico: &#8220;Ora ha meno tempo per venirmi a vedere e spero di esserci presto io, in tribuna a tifare per lui&#8221;. Edoardo \u00e8 arrivato mercoled\u00ec, voleva fare una sorpresa a Flavio e ha cercato i biglietti in una posizione in cui  non lo potesse vedere durante la partita.\u00a0<\/p>\n<p>        spettatore\u2014 \u00a0<\/p>\n<p class=\"paragraph\" spellcheck=\"true\">Anche ieri era con lui all\u2019allenamento, ha seguito l\u2019ora e mezza di lavoro sul Suzanne Lenglen da bordo campo, ha ascoltato con attenzione quello che pap\u00e0 Stefano e Alessandro Giannessi gli dicevano. Questa non \u00e8 la prima finale che vivono in qualche modo insieme, Edo aveva gi\u00e0 seguito le sue finali nei tornei giovanili cos\u00ec come Flavio sulla sponda calcistica aveva seguito dal vivo le finali di Tirana e Budapest. Ma se Cobolli appena pu\u00f2 racconta dell\u2019amicizia con Bove, ammettendo che aver rischiato di perderlo gli aveva cambiato la vita, il calciatore preferisce dire il minimo indispensabile. Il pudore chi teme di rubare la scena nel giorno pi\u00f9 importante dell\u2019amico: &#8220;Mi sento perfino a disagio a parlare &#8211; ha detto -, vorrei  mantenere intime le mie sensazioni e quello che ci siamo detti&#8221;.\u00a0<\/p>\n<p>        il piano\u2014 \u00a0<\/p>\n<p class=\"paragraph\" spellcheck=\"true\">Poi, racconta dell\u2019Operazione Roland Garros: &#8220;Mercoled\u00ec avevamo organizzato il viaggio in gran segreto con Gully e Mati (fratello e fidanzata di Cobolli, ndr), eravamo pronti ad assistere alla semifinale e ad abbracciarlo a fine match&#8221;. La partita poi non si \u00e8 giocata per il forfeit di Matteo Arnaldi, ma Edoardo \u00e8 rimasto, perch\u00e9 c\u2019\u00e8 un appuntamento ancora pi\u00f9 grande da vivere. Bove racconta con orgoglio dei traguardi tagliati da Flavio e della gioia di poterlo accompagnare in una tappa decisiva della carriera: &#8220;Flavio si \u00e8 costruito il suo destino &#8211; ha detto dopo aver assistito all\u2019allenamento -, domani avr\u00e0 un Paese che soffier\u00e0 alle sue spalle, io sono semplicemente un amico. Esser qui a Parigi era naturale, dopotutto abbiamo condiviso tanto in questi anni e sono felice di poter far parte della sua famiglia&#8221;. Una grande famiglia di sport.<\/p>\n<p class=\"is-copyright\">\u00a9 RIPRODUZIONE RISERVATA<\/p>\n","protected":false},"excerpt":{"rendered":"Edoardo, centrocampista del Watford nell&#8217;ultima stagione, ha assistito alla rifinitura di Flavio alla vigilia della finale con Zverev:&hellip;\n","protected":false},"author":3,"featured_media":527636,"comment_status":"","ping_status":"","sticky":false,"template":"","format":"standard","meta":{"footnotes":"","_share_on_mastodon":"0"},"categories":[1457],"tags":[76363,291279,291280,216083,1548,11166,4008,2248,50322,721,2295,921,1902,20222,5078,291278,397,25904,1909,1426,27587,18672,19143,1537,90,89,4559,1289,1290,1989,27675,245,244,1273,2959],"class_list":["post-527635","post","type-post","status-publish","format-standard","has-post-thumbnail","category-tennis","tag-abbracciarlo","tag-abbracciarlo-match","tag-abbracciarlo-match-partita","tag-acapulco","tag-allenamento","tag-amicizia","tag-amico","tag-assistito","tag-bove","tag-calcio","tag-cambiato","tag-campo","tag-carriera","tag-cobolli","tag-costruito","tag-costruito-destino","tag-destino","tag-edoardo","tag-famiglia","tag-finale","tag-finali","tag-flavio","tag-gioia","tag-it","tag-italia","tag-italy","tag-mercoledi","tag-parigi","tag-partita","tag-racconta","tag-sento","tag-sport","tag-sports","tag-tennis","tag-vedere"],"share_on_mastodon":{"url":"https:\/\/pubeurope.com\/@it\/116707905314965535","error":""},"_links":{"self":[{"href":"https:\/\/www.europesays.com\/it\/wp-json\/wp\/v2\/posts\/527635","targetHints":{"allow":["GET"]}}],"collection":[{"href":"https:\/\/www.europesays.com\/it\/wp-json\/wp\/v2\/posts"}],"about":[{"href":"https:\/\/www.europesays.com\/it\/wp-json\/wp\/v2\/types\/post"}],"author":[{"embeddable":true,"href":"https:\/\/www.europesays.com\/it\/wp-json\/wp\/v2\/users\/3"}],"replies":[{"embeddable":true,"href":"https:\/\/www.europesays.com\/it\/wp-json\/wp\/v2\/comments?post=527635"}],"version-history":[{"count":0,"href":"https:\/\/www.europesays.com\/it\/wp-json\/wp\/v2\/posts\/527635\/revisions"}],"wp:featuredmedia":[{"embeddable":true,"href":"https:\/\/www.europesays.com\/it\/wp-json\/wp\/v2\/media\/527636"}],"wp:attachment":[{"href":"https:\/\/www.europesays.com\/it\/wp-json\/wp\/v2\/media?parent=527635"}],"wp:term":[{"taxonomy":"category","embeddable":true,"href":"https:\/\/www.europesays.com\/it\/wp-json\/wp\/v2\/categories?post=527635"},{"taxonomy":"post_tag","embeddable":true,"href":"https:\/\/www.europesays.com\/it\/wp-json\/wp\/v2\/tags?post=527635"}],"curies":[{"name":"wp","href":"https:\/\/api.w.org\/{rel}","templated":true}]}}