{"id":527782,"date":"2026-06-07T10:54:13","date_gmt":"2026-06-07T10:54:13","guid":{"rendered":"https:\/\/www.europesays.com\/it\/527782\/"},"modified":"2026-06-07T10:54:13","modified_gmt":"2026-06-07T10:54:13","slug":"rose-villain-e-diventata-mamma-e-nato-francis-knight","status":"publish","type":"post","link":"https:\/\/www.europesays.com\/it\/527782\/","title":{"rendered":"Rose Villain \u00e8 diventata mamma: \u00e8 nato Francis Knight"},"content":{"rendered":"<p>Nessuna immagine del neonato, per ora. Una scelta precisa, coerente con il modo discreto con cui Rose Villain aveva gi\u00e0 gestito la gravidanza. Era stato l&#8217;11 marzo scorso, con l&#8217;uscita del brano Tuttaluce, che l&#8217;artista aveva annunciato la dolce attesa, con un pezzo intimo, scritto direttamente al figlio in arrivo, in cui prometteva: \u00abUccider\u00f2 tutti i mostri per te, cos\u00ec non dovrai mai avere paura\u00bb. Gi\u00e0 allora, i riferimenti a un \u00abprincipe\u00bb nel testo avevano fatto intuire ai fan che si trattasse di un maschio. Francis Knight ha confermato tutto.<\/p>\n<p><a href=\"https:\/\/www.vanityfair.it\/article\/rose-villain-intervista-cover-madre-marito-musica-lato-oscuro\" rel=\"nofollow noopener\" target=\"_blank\">Nell&#8217;intervista di copertina di Vanity Fair a gennaio, la cantante ci aveva gi\u00e0 lasciato intendere quanto il desiderio di diventare mamma fosse concreto<\/a>. \u00abCon Andy un figlio non pu\u00f2 venire sbagliato\u00bb, aveva detto, aggiungendo poi: \u00abA volte mi dico che tutto il mio bagaglio di oscurit\u00e0 \u00e8 un pericolo, potrei trasmetterlo al mio bambino. Ma con una persona cos\u00ec entusiasta della vita al mio fianco sono tranquilla\u00bb.<\/p>\n<p>La scelta di partorire a New York non \u00e8 casuale. \u00c8 nella Grande Mela che Rose Villain e Sixpm si sono incontrati nel 2015, che il loro sodalizio artistico \u00e8 diventato storia d&#8217;amore, e che nel 2022 si sono sposati con una cerimonia nel quartiere di Brooklyn. La citt\u00e0 che li ha fatti incontrare \u00e8 anche quella in cui hanno scelto di diventare genitori.<\/p>\n","protected":false},"excerpt":{"rendered":"Nessuna immagine del neonato, per ora. Una scelta precisa, coerente con il modo discreto con cui Rose Villain&hellip;\n","protected":false},"author":3,"featured_media":527783,"comment_status":"","ping_status":"","sticky":false,"template":"","format":"standard","meta":{"footnotes":"","_share_on_mastodon":"0"},"categories":[1451],"tags":[1621,1620,8534,203,204,1537,90,89,8533,45973,6124],"class_list":["post-527782","post","type-post","status-publish","format-standard","has-post-thumbnail","category-celebrita","tag-celebrita","tag-celebrities","tag-celebrity","tag-entertainment","tag-intrattenimento","tag-it","tag-italia","tag-italy","tag-people","tag-splitscreenimageleftfullbleed","tag-web"],"share_on_mastodon":{"url":"https:\/\/pubeurope.com\/@it\/116708459578763283","error":""},"_links":{"self":[{"href":"https:\/\/www.europesays.com\/it\/wp-json\/wp\/v2\/posts\/527782","targetHints":{"allow":["GET"]}}],"collection":[{"href":"https:\/\/www.europesays.com\/it\/wp-json\/wp\/v2\/posts"}],"about":[{"href":"https:\/\/www.europesays.com\/it\/wp-json\/wp\/v2\/types\/post"}],"author":[{"embeddable":true,"href":"https:\/\/www.europesays.com\/it\/wp-json\/wp\/v2\/users\/3"}],"replies":[{"embeddable":true,"href":"https:\/\/www.europesays.com\/it\/wp-json\/wp\/v2\/comments?post=527782"}],"version-history":[{"count":0,"href":"https:\/\/www.europesays.com\/it\/wp-json\/wp\/v2\/posts\/527782\/revisions"}],"wp:featuredmedia":[{"embeddable":true,"href":"https:\/\/www.europesays.com\/it\/wp-json\/wp\/v2\/media\/527783"}],"wp:attachment":[{"href":"https:\/\/www.europesays.com\/it\/wp-json\/wp\/v2\/media?parent=527782"}],"wp:term":[{"taxonomy":"category","embeddable":true,"href":"https:\/\/www.europesays.com\/it\/wp-json\/wp\/v2\/categories?post=527782"},{"taxonomy":"post_tag","embeddable":true,"href":"https:\/\/www.europesays.com\/it\/wp-json\/wp\/v2\/tags?post=527782"}],"curies":[{"name":"wp","href":"https:\/\/api.w.org\/{rel}","templated":true}]}}