{"id":527823,"date":"2026-06-07T11:34:14","date_gmt":"2026-06-07T11:34:14","guid":{"rendered":"https:\/\/www.europesays.com\/it\/527823\/"},"modified":"2026-06-07T11:34:14","modified_gmt":"2026-06-07T11:34:14","slug":"assenteismo-allifo-accertamenti-anche-sul-chirurgo-plastico-oncologico-roy-de-vita","status":"publish","type":"post","link":"https:\/\/www.europesays.com\/it\/527823\/","title":{"rendered":"Assenteismo all&#8217;Ifo, accertamenti anche sul chirurgo plastico oncologico Roy De Vita"},"content":{"rendered":"<p>Il luminare \u00e8 scelto da molti vip ed \u00e8 spesso presente in televisione e sui social. Si dichiara sereno: \u00abL&#8217;inchiesta vada avanti, sottolineo solo che il contratto di primario si basa sugli obiettivi e non sugli orari\u00bb<\/p>\n<p class=\"chapter-paragraph\">Finora si \u00e8 alla fase degli accertamenti, che coinvolgono, insieme a molti reparti dell&#8217;ospedale, anche un luminare della chirurgia plastica oncologica come<a href=\"https:\/\/roma.corriere.it\/notizie\/cronaca\/26_gennaio_24\/roy-de-vita-fare-il-chirurgo-plastico-e-sempre-stato-il-mio-sogno-sui-social-troppi-ciarlatani-fe80afff-29e3-453c-8f67-75a5b719exlk.shtml\" title=\"Roy de Vita: \u00abFare il chirurgo plastico \u00e8 sempre stato il mio sogno. Sui social troppi ciarlatani\u00bb\" rel=\"nofollow noopener\" target=\"_blank\"> Roy De Vita:<\/a> lo specialista \u00e8 ora sottoposto a indagini da parte della Guardia di Finanza, su richiesta del pm Fabrizio Tucci e dell&#8217;aggiunto Giuseppe De Falco, per capire se si sia reso colpevole di falso e truffa ai danni dello Stato. Il motivo: le assenze prolungate dall&#8217;Ifo Regina Elena di Roma, di cui \u00e8 primario, centro d&#8217;eccellenza in Italia per la cura dei tumori.<\/p>\n<p>    Inchiesta su tutti i dipendenti<\/p>\n<p class=\"chapter-paragraph\">Roy De Vita \u00e8 molto presente in tv e sui social, ma ci\u00f2 che gli si addebita \u00e8 lo svolgimento di attivit\u00e0 privata presso cliniche, quando avrebbe dovuto essere al suo posto<a href=\"https:\/\/roma.corriere.it\/notizie\/cronaca\/23_marzo_07\/ifo-indagati-34-assenteisti-gli-stakanovisti-della-strisciata-rischiano-il-rinvio-a-giudizio-f1aa7d05-c3aa-4e4b-adac-06298446dxlk.shtml\" title=\"Ifo, indagati 34 assenteisti. Gli \u00abstakanovisti della strisciata\u00bb rischiano il rinvio a giudizio\" rel=\"nofollow noopener\" target=\"_blank\"> all&#8217;Ifo, Istituti fisioterapici ospedalieri. <\/a>Con chi gli chiede un parere il chirurgo si mostra tranquillo:\u00a0\u00abNon ho timori, l&#8217;inchiesta vada pure avanti. Preciso solo che il contratto nazionale dei primari prevede solamente il raggiungimento degli obiettivi che si concordano con la direzione dell&#8217;ospedale\u00bb. Le indagini coprono un fronte molto pi\u00f9 ampio: <b>la Corte dei Conti del Lazio<\/b> ha contestato ai dipendenti un danno erariale per oltre mezzo milione di euro a 89 dipendenti. Insomma, il fronte \u00e8 molto pi\u00f9 ampio, e coinvolge medici, infermieri e vertici dell&#8217;ospedale dopo che pi\u00f9 d&#8217;uno, coperto dall&#8217;anonimato, ha puntato il dito contro turni rimasti scoperti a svantaggio dei presenti<a href=\"https:\/\/roma.corriere.it\/notizie\/cronaca\/24_luglio_12\/l-infermiera-antonella-cutini-muore-di-infarto-mentre-e-in-turno-all-ifo-i-sindacati-basta-turni-massacranti-ef0f7567-7c7e-4ced-a544-ec51b10fdxlk.shtml\" title=\"L&#039;infermiera Antonella Cutini muore di infarto mentre \u00e8 in turno all&#039;Ifo. I sindacati: \u00abBasta turni massacranti\u00bb\" rel=\"nofollow noopener\" target=\"_blank\"> costretti a un lavoro spesso massacrante.\u00a0<\/a><br \/>&#13;<br \/>\n&#13;<br \/>\n&#13;<br \/>\n&#13;<br \/>\n&#13;<br \/>\n&#13;<br \/>\n&#13;<br \/>\n&#13;<br \/>\n&#13;<br \/>\n&#13;<br \/>\n&#13;<br \/>\n&#13;<br \/>\n&#13;<br \/>\n&#13;<br \/>\n&#13;<br \/>\n&#13;<br \/>\n&#13;<br \/>\n&#13;<br \/>\n&#13;<br \/>\n&#13;<br \/>\n&#13;<br \/>\n&#13;<br \/>\n&#13;<br \/>\n&#13;<br \/>\n&#13;<br \/>\n&#13;<br \/>\n&#13;<br \/>\n&#13;<br \/>\n&#13;<br \/>\n&#13;<br \/>\n&#13;<br \/>\n&#13;<br \/>\n&#13;<br \/>\n&#13;<br \/>\n&#13;<br \/>\n&#13;<br \/>\n&#13;<br \/>\n&#13;<br \/>\n&#13;<br \/>\n&#13;<br \/>\n&#13;<br \/>\n&#13;<br \/>\n&#13;<br \/>\n&#13;<br \/>\n&#13;<br \/>\n&#13;<br \/>\n&#13;<br \/>\n&#13;<br \/>\n&#13;<br \/>\n&#13;<br \/>\n&#13;<br \/>\n&#13;<br \/>\n&#13;\n<\/p>\n<p class=\"is-last-update\" datetime=\"2026-06-07T09:17:32+02:00\">7 giugno 2026<\/p>\n<p class=\"is-copyright\">\n            \u00a9 RIPRODUZIONE RISERVATA\n        <\/p>\n","protected":false},"excerpt":{"rendered":"Il luminare \u00e8 scelto da molti vip ed \u00e8 spesso presente in televisione e sui social. Si dichiara&hellip;\n","protected":false},"author":3,"featured_media":527824,"comment_status":"","ping_status":"","sticky":false,"template":"","format":"standard","meta":{"footnotes":"","_share_on_mastodon":"0"},"categories":[79],"tags":[2801,10557,19299,6693,14,93,94,277,2588,1346,291343,249467,51,291344,486,1537,90,89,180792,7,15,854,812,16087,291342,11,84,91,12,85,92],"class_list":["post-527823","post","type-post","status-publish","format-standard","has-post-thumbnail","category-italia","tag-accertamenti","tag-ampio","tag-chirurgo","tag-contratto","tag-cronaca","tag-cronaca-italiana","tag-cronacaitaliana","tag-de","tag-dipendenti","tag-fronte","tag-fronte-ampio","tag-ifo","tag-inchiesta","tag-inchiesta-vada","tag-indagini","tag-it","tag-italia","tag-italy","tag-luminare","tag-news","tag-notizie","tag-obiettivi","tag-ospedale","tag-roy","tag-roy-de","tag-ultime-notizie","tag-ultime-notizie-e-news-di-oggi","tag-ultime-notizie-italia","tag-ultimenotizie","tag-ultimenotizieenewsdioggi","tag-ultimenotizieitalia"],"share_on_mastodon":{"url":"https:\/\/pubeurope.com\/@it\/116708617116577829","error":""},"_links":{"self":[{"href":"https:\/\/www.europesays.com\/it\/wp-json\/wp\/v2\/posts\/527823","targetHints":{"allow":["GET"]}}],"collection":[{"href":"https:\/\/www.europesays.com\/it\/wp-json\/wp\/v2\/posts"}],"about":[{"href":"https:\/\/www.europesays.com\/it\/wp-json\/wp\/v2\/types\/post"}],"author":[{"embeddable":true,"href":"https:\/\/www.europesays.com\/it\/wp-json\/wp\/v2\/users\/3"}],"replies":[{"embeddable":true,"href":"https:\/\/www.europesays.com\/it\/wp-json\/wp\/v2\/comments?post=527823"}],"version-history":[{"count":0,"href":"https:\/\/www.europesays.com\/it\/wp-json\/wp\/v2\/posts\/527823\/revisions"}],"wp:featuredmedia":[{"embeddable":true,"href":"https:\/\/www.europesays.com\/it\/wp-json\/wp\/v2\/media\/527824"}],"wp:attachment":[{"href":"https:\/\/www.europesays.com\/it\/wp-json\/wp\/v2\/media?parent=527823"}],"wp:term":[{"taxonomy":"category","embeddable":true,"href":"https:\/\/www.europesays.com\/it\/wp-json\/wp\/v2\/categories?post=527823"},{"taxonomy":"post_tag","embeddable":true,"href":"https:\/\/www.europesays.com\/it\/wp-json\/wp\/v2\/tags?post=527823"}],"curies":[{"name":"wp","href":"https:\/\/api.w.org\/{rel}","templated":true}]}}